{"id":12984,"date":"2019-02-11T04:58:45","date_gmt":"2019-02-11T09:58:45","guid":{"rendered":"https:\/\/linitiative.ca\/International\/batna-saisie-de-pres-de-10-kg-de-kif-traite\/"},"modified":"2019-02-11T04:58:45","modified_gmt":"2019-02-11T09:58:45","slug":"batna-saisie-de-pres-de-10-kg-de-kif-traite","status":"publish","type":"post","link":"https:\/\/linitiative.ca\/International\/batna-saisie-de-pres-de-10-kg-de-kif-traite\/","title":{"rendered":"Batna : Saisie de pr\u00e8s de 10 kg de kif trait\u00e9"},"content":{"rendered":"<div>\n<div class=\"K2FeedImage\"><img decoding=\"async\" src=\"http:\/\/www.aps.dz\/media\/k2\/items\/cache\/c36d123ba50fd45648d0639360fa24ed_S.jpg\" alt=\"Batna : Saisie de pr\u00e8s de 10 kg de kif trait\u00e9\"><\/div>\n<div class=\"K2FeedIntroText\">\n<p>BATNA- La brigade d\u2019investigation de la gendarmerie nationale de Batna a saisi pr\u00e8s de 10 kg de kif trait\u00e9 et interpell\u00e9 deux personnes, apprend-on dimanche apr\u00e8s-midi du groupement territorial de\u00a0corps de s\u00e9curit\u00e9.<\/p>\n<\/div>\n<div class=\"K2FeedFullText\">\n<p>L\u2019op\u00e9ration a eu lieu sur la base d\u2019informations relatives au transport d\u2019une quantit\u00e9 importante de drogue \u00e0 bord d\u2019un camion devanc\u00e9 par une voiture utilis\u00e9e comme \u00e9claireur, selon la m\u00eame source qui a indiqu\u00e9 qu\u2019une patrouille charg\u00e9e de les intercepter a r\u00e9ussi \u00e0 arr\u00eater le camion au\u00a0niveau d\u2019un rond-point sur la RN 3, dans la commune de Djerma.<\/p>\n<p>La fouille du camion a permis de d\u00e9couvrir 19 paquets chacun contenant 5 plaques de kif ainsi qu\u2019un montant de 123.000 DA soigneusement dissimul\u00e9, alors que le conducteur de 57 ans, originaire de Guelma a \u00e9t\u00e9 arr\u00eat\u00e9, selon la encore la m\u00eame source.<\/p>\n<p>Pour remonter au propri\u00e9taire de la drogue appel\u00e9 \u00ab\u00a0El Hadj\u00a0\u00bb, les enqu\u00eateurs ont r\u00e9ussi \u00e0 pi\u00e9ger le conducteur de la voiture camion qui a remis au conducteur du camion un t\u00e9l\u00e9phone lui demandant de contacter \u00ab\u00a0El Hadj\u00a0\u00bb, lequel lui a d\u00e9sign\u00e9 un lieu de rencontre o\u00f9 il a \u00e9t\u00e9 arr\u00eat\u00e9 en\u00a0possession de 77.000 DA.<\/p>\n<p>Le conducteur du camion a indiqu\u00e9 lors de l\u2019enqu\u00eate avoir fait la connaissance du nomm\u00e9 El Hadj dans une boite de nuit \u00e0 Guelma, o\u00f9 il lui aurait propos\u00e9 de transporter de la drogue \u00e0 partir d\u2019Alger, a ajout\u00e9 la m\u00eame source qui a pr\u00e9cis\u00e9 que les deux mis en cause ont \u00e9t\u00e9 pr\u00e9sent\u00e9s \u00e0 la justice et plac\u00e9s sous mandat de d\u00e9p\u00f4t.<\/p>\n<p>\u00a0<\/p>\n<p>\u00a0<\/p>\n<\/div>\n<\/div>\n","protected":false},"excerpt":{"rendered":"<p>BATNA- La brigade d\u2019investigation de la gendarmerie nationale de Batna a saisi pr\u00e8s de 10 kg de kif trait\u00e9 et interpell\u00e9 deux personnes, apprend-on dimanche apr\u00e8s-midi du groupement territorial de\u00a0corps de s\u00e9curit\u00e9. L\u2019op\u00e9ration a eu lieu sur la base d\u2019informations relatives au transport d\u2019une quantit\u00e9 importante de drogue \u00e0 bord d\u2019un camion devanc\u00e9 par une [&hellip;]<\/p>\n","protected":false},"author":1790,"featured_media":12985,"comment_status":"closed","ping_status":"closed","sticky":false,"template":"","format":"standard","meta":{"fifu_image_url":"","fifu_image_alt":"","footnotes":""},"categories":[53,76],"tags":[],"class_list":["post-12984","post","type-post","status-publish","format-standard","has-post-thumbnail","hentry","category-algerie","category-regions"],"_links":{"self":[{"href":"https:\/\/linitiative.ca\/International\/wp-json\/wp\/v2\/posts\/12984","targetHints":{"allow":["GET"]}}],"collection":[{"href":"https:\/\/linitiative.ca\/International\/wp-json\/wp\/v2\/posts"}],"about":[{"href":"https:\/\/linitiative.ca\/International\/wp-json\/wp\/v2\/types\/post"}],"author":[{"embeddable":true,"href":"https:\/\/linitiative.ca\/International\/wp-json\/wp\/v2\/users\/1790"}],"replies":[{"embeddable":true,"href":"https:\/\/linitiative.ca\/International\/wp-json\/wp\/v2\/comments?post=12984"}],"version-history":[{"count":0,"href":"https:\/\/linitiative.ca\/International\/wp-json\/wp\/v2\/posts\/12984\/revisions"}],"wp:featuredmedia":[{"embeddable":true,"href":"https:\/\/linitiative.ca\/International\/wp-json\/"}],"wp:attachment":[{"href":"https:\/\/linitiative.ca\/International\/wp-json\/wp\/v2\/media?parent=12984"}],"wp:term":[{"taxonomy":"category","embeddable":true,"href":"https:\/\/linitiative.ca\/International\/wp-json\/wp\/v2\/categories?post=12984"},{"taxonomy":"post_tag","embeddable":true,"href":"https:\/\/linitiative.ca\/International\/wp-json\/wp\/v2\/tags?post=12984"}],"curies":[{"name":"wp","href":"https:\/\/api.w.org\/{rel}","templated":true}]}}