{"id":129840,"date":"2021-10-12T14:00:00","date_gmt":"2021-10-12T18:00:00","guid":{"rendered":"https:\/\/linitiative.ca\/International\/le-maroc-candidat-pour-la-periode-2021-2025\/"},"modified":"2021-10-12T14:00:00","modified_gmt":"2021-10-12T18:00:00","slug":"le-maroc-candidat-pour-la-periode-2021-2025","status":"publish","type":"post","link":"https:\/\/linitiative.ca\/International\/le-maroc-candidat-pour-la-periode-2021-2025\/","title":{"rendered":"Le Maroc candidat pour la p\u00e9riode 2021-2025"},"content":{"rendered":"<div>\n<p class=\"has-text-align-center has-vivid-cyan-blue-color has-text-color\"><strong>Conseil Ex\u00e9cutif de l\u2019Unesco<\/strong><\/p>\n<p class=\"has-black-color has-text-color\"><strong>Le Maroc va pr\u00e9senter sa candidature pour le Conseil Ex\u00e9cutif de l\u2019Organisation des Nations pour l\u2019Education, la Science et la Culture (Unesco), pour la p\u00e9riode 2021-2025, et ce \u00e0 l\u2019occasion de la 41\u00e8me session de la Conf\u00e9rence G\u00e9n\u00e9rale de l\u2019Unesco pr\u00e9vue en novembre prochain.<\/strong><\/p>\n<p class=\"has-black-color has-text-color\">L\u2019annonce a \u00e9t\u00e9 faite lundi par l\u2019ambassadeur-d\u00e9l\u00e9gu\u00e9 permanent du Royaume aupr\u00e8s de l\u2019Unesco, Samir Addahre.<\/p>\n<p class=\"has-black-color has-text-color\">\u201cNous souhaitons que cette candidature puisse b\u00e9n\u00e9ficier du soutien des \u00c9tats membres de notre Organisation\u201d, a d\u00e9clar\u00e9 M. Addahre devant la 212\u00e8me Session du Conseil Ex\u00e9cutif de l\u2019Unesco qui se tient jusqu\u2019au 20 courant.<\/p>\n<p class=\"has-black-color has-text-color\">Le Conseil ex\u00e9cutif est l\u2019un des trois organes constitutionnels de l\u2019Unesco, aux c\u00f4t\u00e9s de la Conf\u00e9rence g\u00e9n\u00e9rale et le Secr\u00e9tariat. Agissant sous l\u2019autorit\u00e9 de la Conf\u00e9rence g\u00e9n\u00e9rale, le Conseil ex\u00e9cutif, compos\u00e9 de 58 \u00c9tats membres \u00e9lus chacun pour un mandat de quatre ans, \u00e9tudie le programme de travail de l\u2019Organisation ainsi que les pr\u00e9visions budg\u00e9taires correspondantes que lui soumet le Directeur g\u00e9n\u00e9ral.<\/p>\n<p class=\"has-black-color has-text-color\">\u201cLe Royaume du Maroc r\u00e9affirme son profond attachement aux valeurs de l\u2019Unesco et aspire \u00e0 poursuivre r\u00e9solument son engagement in\u00e9branlable en faveur des valeurs et des fondements intellectuels et moraux de cette Organisation\u201d, a soulign\u00e9 M.Addahre lors du d\u00e9bat pl\u00e9nier de la 212\u00e8me Session du Conseil Ex\u00e9cutif de l\u2019Unesco.<\/p>\n<p class=\"has-black-color has-text-color\">\u201cLe Maroc s\u2019attache \u00e0 continuer \u00e0 \u0153uvrer, avec abn\u00e9gation, au renforcement de l\u2019action de l\u2019UNESCO afin de contribuer \u00e0 la poursuite des r\u00e9formes engag\u00e9es et au renforcement du positionnement et du r\u00f4le de chef de file de notre Organisation sur la sc\u00e8ne internationale, dans ses domaines de comp\u00e9tence. Dans ce cadre, le Royaume du Maroc pr\u00e9sente sa candidature pour le Conseil Ex\u00e9cutif de l\u2019UNESCO pour la p\u00e9riode 2021-2025, lors des \u00e9lections pr\u00e9vues \u00e0 l\u2019occasion de la 41\u00e8me session de la Conf\u00e9rence G\u00e9n\u00e9rale de l\u2019UNESCO, en novembre prochain \u00bb, a-t-il indiqu\u00e9.<\/p>\n<p class=\"has-black-color has-text-color\">\u00ab Le renforcement du leadership de l\u2019Unesco dans ses domaines de comp\u00e9tence exige de nous un soutien fort et permanent. Pour mener \u00e0 bien ses multiples missions, l\u2019Organisation a besoin de disposer de ressources humaines suffisantes et de profils ad\u00e9quats que n\u00e9cessite la mise en \u0153uvre de ses programmes multisectoriels \u00bb, a affirm\u00e9 M. Addahre qui a soulign\u00e9 que le Maroc prend note de la mise en \u0153uvre de la Strat\u00e9gie de gestion des ressources humaines pour 2017-2022 et salue la d\u00e9cision d\u2019adopter une approche inclusive et consultative concernant l\u2019\u00e9laboration d\u2019une nouvelle strat\u00e9gie pour l\u2019apr\u00e8s 2022.<\/p>\n<p class=\"has-black-color has-text-color\">\u00c9voquant la question de l\u2019\u00e9ducation, secteur vital pour l\u2019avenir de nos soci\u00e9t\u00e9s qui a subit ces deux derni\u00e8res ann\u00e9es la plus grande perturbation que le monde ait connu, notamment durant la premi\u00e8re ann\u00e9e de la pand\u00e9mie o\u00f9 la situation \u00e9tait proche du chaos, l\u2019ambassadeur-d\u00e9l\u00e9gu\u00e9 permanent du Royaume aupr\u00e8s de l\u2019Unesco a soulign\u00e9 qu\u2019\u201daujourd\u2019hui il est \u00e9vident que nous sortons d\u2019un monde et que nous rentrons dans un autre. Par cons\u00e9quent le chemin \u00e0 emprunter dor\u00e9navant et les d\u00e9fis \u00e0 relever s\u2019inscrivent forc\u00e9ment dans cette transition entre deux mondes\u201d.<\/p>\n<p class=\"has-black-color has-text-color\">\u00ab La quatri\u00e8me r\u00e9volution industrielle, l\u2019\u00e9galit\u00e9 et la solidarit\u00e9 dans l\u2019acc\u00e8s au num\u00e9rique, les risques du d\u00e9crochage virtuel, la qualit\u00e9 de l\u2019enseignement \u00e0 distance, les connexions neuronales, autant de sujets que la r\u00e9flexion sur l\u2019avenir de l\u2019\u00e9ducation doit prendre en compte \u00bb, a-t-il dit.<\/p>\n<p class=\"has-black-color has-text-color\">Il s\u2019est \u00e9galement r\u00e9joui des efforts des \u00c9tats membres et du Secr\u00e9tariat dans la re-conceptualisation et le renforcement de la Priorit\u00e9 Afrique au sein de l\u2019UNESCO qui pr\u00e9voit de lui consacrer un budget total de 262 millions de dollars correspondant \u00e0 24 % de l\u2019ensemble budget int\u00e9gr\u00e9.<\/p>\n<p class=\"has-black-color has-text-color\">Apr\u00e8s avoir salu\u00e9 les nombreuses actions que l\u2019Unesco entreprend au profit de la promotion de la diversit\u00e9 culturelle et linguistique, et pour la pr\u00e9servation et la protection du patrimoine, M. Addahre a exprim\u00e9 le souhait qu\u2019un focus particulier soit fait sur les pays les moins avanc\u00e9s, dans la mesure o\u00f9 l\u2019acc\u00e8s \u00e0 la culture n\u2019est pas toujours facile et que le patrimoine culturel est encore menac\u00e9 dans diverses r\u00e9gions du monde.<\/p>\n<p class=\"has-black-color has-text-color\">S\u2019agissant du trafic illicite des biens culturels, il a affirm\u00e9 que le Maroc soutient toute action ou initiative \u00e9manant de l\u2019UNESCO ou des \u00c9tats membres visant \u00e0 assister les pays dans la sauvegarde et la r\u00e9cup\u00e9ration de leur patrimoine, et \u00e0 interdire et emp\u00eacher l\u2019importation, l\u2019exportation et le transfert de propri\u00e9t\u00e9s illicites des biens culturels.<\/p>\n<p class=\"has-black-color has-text-color\">Par ailleurs, a-t-il ajout\u00e9, \u00ab la Convention de 2003 victime de son succ\u00e8s, \u00e0 cet \u00e9gard, nous nous f\u00e9licitons du processus de r\u00e9flexion globale sur les m\u00e9canismes d\u2019inscription lanc\u00e9 en 2018 devant nous permettre de parvenir \u00e0 des listes \u00ab g\u00e9ographiquement plus repr\u00e9sentatives, \u00e9quilibr\u00e9es et culturellement diversifi\u00e9es \u00bb.<\/p>\n<p class=\"has-black-color has-text-color\">Il s\u2019est en outre f\u00e9licit\u00e9 que l\u2019UNESCO ait r\u00e9solument pris le lead dans le domaine de la science en impulsant le premier instrument normatif mondial sur l\u2019\u00e9thique de l\u2019intelligence artificielle et engag\u00e9 la recommandation sur la science ouverte exprimant ainsi l\u2019inclusion universelle et sans exclusive au progr\u00e8s scientifique.<\/p>\n<p class=\"has-black-color has-text-color\">L\u2019ambassadeur-d\u00e9l\u00e9gu\u00e9 permanent du Maroc aupr\u00e8s de l\u2019Unesco n\u2019a pas manqu\u00e9 de saluer l\u2019esprit de la d\u00e9marche retenue par le Secr\u00e9tariat de l\u2019Organisation concernant la transformation strat\u00e9gique, marqu\u00e9e par l\u2019inclusion, la participation et la transparence.<\/p>\n<p class=\"has-black-color has-text-color\">Il a tenu \u00e9galement \u00e0 tirer la sonnette d\u2019alarme quant \u00e0 \u201cla politisation de plus en plus flagrante de notre organisation\u201d, qui constitue \u00ab une v\u00e9ritable plaie \u00bb.<\/p>\n<p class=\"has-black-color has-text-color\">\u00ab En insistant sur notre profond respect de la souverainet\u00e9 des \u00c9tats membres, l\u2019importation au sein de l\u2019Unesco des querelles diplomatiques entre \u00c9tats membres en en faisant une caisse de r\u00e9sonance aux positions politiques des uns et des autres fait courir un grave danger \u00e0 cette noble organisation en minant son efficacit\u00e9. Elle nous am\u00e8ne \u00e0 rendre insignifiant le message de paix et de solidarit\u00e9 que nous sommes tenus d\u2019adresser au monde \u00e0 travers notre action commune sur la culture, l\u2019\u00e9ducation, la communication comme vecteurs essentiels de rapprochement entre les peuples \u00bb, a affirm\u00e9 M. Addahre<\/p>\n<p class=\"has-black-color has-text-color\">\u201cJ\u2019en appelle \u00e0 notre responsabilit\u00e9 \u00e0 tous pour que l\u2019id\u00e9al de la construction de la paix dans l\u2019esprit des gens demeure une r\u00e9alit\u00e9 tangible en ces temps troubles\u201d, a-t-il lanc\u00e9.<\/p>\n<p class=\"has-black-color has-text-color\">L\u2019ambassadeur Addahre a r\u00e9it\u00e9r\u00e9 \u00e0 cette occasion \u201cle plein soutien\u201d du Maroc \u00e0 la candidature de Mme Audrey Azoulay pour un second mandat \u00e0 la t\u00eate de l\u2019Unesco.<\/p>\n<p class=\"has-black-color has-text-color\">\u201cCe soutien d\u00e9coule de notre adh\u00e9sion \u00e0 l\u2019action concr\u00e8te et r\u00e9formatrice de Mme Azoulay et vise \u00e0 lui permettre de mener cette mission \u00e0 terme pour un plus grand rayonnement de l\u2019Unesco\u201d, a-t-il affirm\u00e9.<\/p>\n<p>L\u2019article <a rel=\"nofollow\" href=\"http:\/\/albayane.press.ma\/le-maroc-candidat-pour-la-periode-2021-2025.html\">Le Maroc candidat pour la p\u00e9riode 2021-2025<\/a> est apparu en premier sur <a rel=\"nofollow\" href=\"http:\/\/albayane.press.ma\/\">ALBAYANE<\/a>.<\/p>\n<\/div>\n<p>Auteur: M&rsquo;hammed rahal<br \/>\n<a href=\"http:\/\/albayane.press.ma\/le-maroc-candidat-pour-la-periode-2021-2025.html\">Cliquez ici pour lire l&rsquo;article depuis sa source.<\/a><\/p>\n","protected":false},"excerpt":{"rendered":"<p>Conseil Ex\u00e9cutif de l\u2019Unesco Le Maroc va pr\u00e9senter sa candidature pour le Conseil Ex\u00e9cutif de l\u2019Organisation des Nations pour l\u2019Education, la Science et la Culture (Unesco), pour la p\u00e9riode 2021-2025, et ce \u00e0 l\u2019occasion de la 41\u00e8me session de la Conf\u00e9rence G\u00e9n\u00e9rale de l\u2019Unesco pr\u00e9vue en novembre prochain. L\u2019annonce a \u00e9t\u00e9 faite lundi par l\u2019ambassadeur-d\u00e9l\u00e9gu\u00e9 [&hellip;]<\/p>\n","protected":false},"author":1760,"featured_media":0,"comment_status":"closed","ping_status":"closed","sticky":false,"template":"","format":"standard","meta":{"fifu_image_url":"","fifu_image_alt":"","footnotes":""},"categories":[73,54],"tags":[],"class_list":["post-129840","post","type-post","status-publish","format-standard","hentry","category-actualite","category-maroc"],"_links":{"self":[{"href":"https:\/\/linitiative.ca\/International\/wp-json\/wp\/v2\/posts\/129840","targetHints":{"allow":["GET"]}}],"collection":[{"href":"https:\/\/linitiative.ca\/International\/wp-json\/wp\/v2\/posts"}],"about":[{"href":"https:\/\/linitiative.ca\/International\/wp-json\/wp\/v2\/types\/post"}],"author":[{"embeddable":true,"href":"https:\/\/linitiative.ca\/International\/wp-json\/wp\/v2\/users\/1760"}],"replies":[{"embeddable":true,"href":"https:\/\/linitiative.ca\/International\/wp-json\/wp\/v2\/comments?post=129840"}],"version-history":[{"count":0,"href":"https:\/\/linitiative.ca\/International\/wp-json\/wp\/v2\/posts\/129840\/revisions"}],"wp:attachment":[{"href":"https:\/\/linitiative.ca\/International\/wp-json\/wp\/v2\/media?parent=129840"}],"wp:term":[{"taxonomy":"category","embeddable":true,"href":"https:\/\/linitiative.ca\/International\/wp-json\/wp\/v2\/categories?post=129840"},{"taxonomy":"post_tag","embeddable":true,"href":"https:\/\/linitiative.ca\/International\/wp-json\/wp\/v2\/tags?post=129840"}],"curies":[{"name":"wp","href":"https:\/\/api.w.org\/{rel}","templated":true}]}}