{"id":129841,"date":"2021-10-12T14:00:00","date_gmt":"2021-10-12T18:00:00","guid":{"rendered":"https:\/\/linitiative.ca\/International\/rachid-hammouni-le-parti-a-opte-pour-une-opposition-nationale-constructive-et-responsable\/"},"modified":"2021-10-12T14:00:00","modified_gmt":"2021-10-12T18:00:00","slug":"rachid-hammouni-le-parti-a-opte-pour-une-opposition-nationale-constructive-et-responsable","status":"publish","type":"post","link":"https:\/\/linitiative.ca\/International\/rachid-hammouni-le-parti-a-opte-pour-une-opposition-nationale-constructive-et-responsable\/","title":{"rendered":"Rachid Hammouni \u00ab le Parti a opt\u00e9 pour une opposition nationale, constructive et responsable \u00bb"},"content":{"rendered":"<div>\n<p class=\"has-text-align-center has-vivid-red-color has-text-color\"><strong>Activit\u00e9 des d\u00e9put\u00e9s du PPS<\/strong><\/p>\n<p class=\"has-text-align-right has-black-color has-text-color\"><strong>Khalid Darfaf<\/strong><\/p>\n<p class=\"has-black-color has-text-color\"><strong>L\u2019heure est \u00e0 l\u2019action.Les parlementaires du Parti du progr\u00e8s et du socialisme (PPS), conscients des attributions et comp\u00e9tences\u00a0 constitutionnelles de l\u2019institution l\u00e9gislative ont ouvert le bal, lundi 11 octobre, et ce en organisant un atelier de formation au profit des d\u00e9put\u00e9s du PPS autour des m\u00e9canismes de l\u2019action parlementaire.<\/strong><\/p>\n<p class=\"has-black-color has-text-color\">Cette rencontre, \u00e0 laquelle ont pris part les membres de la formation du PPS et son staff parlementaire a \u00e9t\u00e9 ax\u00e9e principalement sur le renforcement des attributions constitutionnelles de l\u2019institution parlementaire aussi bien au niveau\u00a0 de la l\u00e9gif\u00e9ration que le contr\u00f4le du travail gouvernemental.<\/p>\n<p class=\"has-black-color has-text-color\">Cette s\u00e9ance de formation a port\u00e9 \u00e9galement sur les proc\u00e9d\u00e9s et approches permettant de rehausser le d\u00e9bat politique et public autour des probl\u00e9matiques pr\u00e9occupant les citoyens. La rencontre fut, en outre, une occasion pour \u00e9voquer la question des projets de loi qui continuent de faire d\u00e9bat au sein des commissions et l\u2019ensemble des\u00a0 structures de la Chambre des d\u00e9put\u00e9s.<\/p>\n<p class=\"has-black-color has-text-color\">Prenant la parole, Rachid Hammouni, pr\u00e9sident du Groupe parlementaire du PPS \u00e0 la Chambre des d\u00e9put\u00e9s a mis l\u2019accent sur les d\u00e9fis qui attendent les d\u00e9put\u00e9s du parti du Livre, tout en soulignant\u00a0 que la ligne politique distingu\u00e9e et exclusive du PPS, a fait que plusieurs milieux qui ont exprim\u00e9 leur espoir, ont \u00e9mis beaucoup d\u2019attentes envers les d\u00e9put\u00e9s du PPS, qui a opt\u00e9 sciemment\u00a0 pour une opposition nationale, constructive et responsable.<\/p>\n<p class=\"has-black-color has-text-color\">Compte tenu de la ligne politique du Parti, qui en fait, le seul qui est capable de mener une opposition r\u00e9elle, forte et constructive, les d\u00e9put\u00e9s sont, par cons\u00e9quent,\u00a0 appel\u00e9s \u00e0 s\u2019approprier cet esprit,\u00a0 d\u00e9cupler les efforts et relever la cadence du travail vu l\u2019\u00e9normit\u00e9 des d\u00e9fis, a-t-il not\u00e9. Le but escompt\u00e9 consiste, a-t-il poursuivi,\u00a0 \u00e0 ce que l\u2019action du parti au sein de l\u2019institution l\u00e9gislative soit plus distingu\u00e9e pour \u00eatre \u00e0 la hauteur des attentes des citoyennes et citoyens. Abondant dans le m\u00eame ordre d\u2019id\u00e9es, l\u2019intervenant a clarifi\u00e9 que les d\u00e9put\u00e9s du PPS\u00a0 seront au rendez-vous en veillant \u00e0 \u00eatre omnipr\u00e9sents dans tous les travaux continus des commissions parlementaires afin d\u2019enrichir le d\u00e9bat notamment lorsqu\u2019il s\u2019agit du projet de la loi des finances.\u00a0 D\u2019ailleurs, il est inutile de rappeler que le PPS s\u2019est toujours distingu\u00e9 au sein de l\u2019institution l\u00e9gislative\u00a0 par la qualit\u00e9 de l\u2019intervention de ses d\u00e9put\u00e9s et leurs contributions remarquables aux d\u00e9bats portant sur les questions relatives \u00e0 la sc\u00e8ne politique nationale.<\/p>\n<p class=\"has-black-color has-text-color\">Il est \u00e0 not\u00e9 que cette formation , qui est d\u2019ailleurs la premi\u00e8re, organis\u00e9e par une formation parlementaire \u00e0 la Chambre des repr\u00e9sentants, a \u00e9t\u00e9 marqu\u00e9e par la pr\u00e9sentation de plusieurs expos\u00e9s portant sur l\u2019action parlementaire, les m\u00e9canismes de contr\u00f4le et de responsabilisation et les m\u00e9thodes \u00e0 m\u00eame de mettre en exergue l\u2019action parlementaire et le d\u00e9veloppement des institutions et ce conform\u00e9ment au r\u00e9f\u00e9rentiel et aux orientations du PPS.<\/p>\n<p>L\u2019article <a rel=\"nofollow\" href=\"http:\/\/albayane.press.ma\/rachid-hammouni-le-parti-a-opte-pour-une-opposition-nationale-constructive-et-responsable.html\">Rachid Hammouni \u00ab le Parti a opt\u00e9 pour une opposition nationale, constructive et responsable \u00bb<\/a> est apparu en premier sur <a rel=\"nofollow\" href=\"http:\/\/albayane.press.ma\/\">ALBAYANE<\/a>.<\/p>\n<\/div>\n<p>Auteur: M&rsquo;hammed rahal<br \/>\n<a href=\"http:\/\/albayane.press.ma\/rachid-hammouni-le-parti-a-opte-pour-une-opposition-nationale-constructive-et-responsable.html\">Cliquez ici pour lire l&rsquo;article depuis sa source.<\/a><\/p>\n","protected":false},"excerpt":{"rendered":"<p>Activit\u00e9 des d\u00e9put\u00e9s du PPS Khalid Darfaf L\u2019heure est \u00e0 l\u2019action.Les parlementaires du Parti du progr\u00e8s et du socialisme (PPS), conscients des attributions et comp\u00e9tences\u00a0 constitutionnelles de l\u2019institution l\u00e9gislative ont ouvert le bal, lundi 11 octobre, et ce en organisant un atelier de formation au profit des d\u00e9put\u00e9s du PPS autour des m\u00e9canismes de l\u2019action [&hellip;]<\/p>\n","protected":false},"author":1760,"featured_media":0,"comment_status":"closed","ping_status":"closed","sticky":false,"template":"","format":"standard","meta":{"fifu_image_url":"","fifu_image_alt":"","footnotes":""},"categories":[73,54],"tags":[],"class_list":["post-129841","post","type-post","status-publish","format-standard","hentry","category-actualite","category-maroc"],"_links":{"self":[{"href":"https:\/\/linitiative.ca\/International\/wp-json\/wp\/v2\/posts\/129841","targetHints":{"allow":["GET"]}}],"collection":[{"href":"https:\/\/linitiative.ca\/International\/wp-json\/wp\/v2\/posts"}],"about":[{"href":"https:\/\/linitiative.ca\/International\/wp-json\/wp\/v2\/types\/post"}],"author":[{"embeddable":true,"href":"https:\/\/linitiative.ca\/International\/wp-json\/wp\/v2\/users\/1760"}],"replies":[{"embeddable":true,"href":"https:\/\/linitiative.ca\/International\/wp-json\/wp\/v2\/comments?post=129841"}],"version-history":[{"count":0,"href":"https:\/\/linitiative.ca\/International\/wp-json\/wp\/v2\/posts\/129841\/revisions"}],"wp:attachment":[{"href":"https:\/\/linitiative.ca\/International\/wp-json\/wp\/v2\/media?parent=129841"}],"wp:term":[{"taxonomy":"category","embeddable":true,"href":"https:\/\/linitiative.ca\/International\/wp-json\/wp\/v2\/categories?post=129841"},{"taxonomy":"post_tag","embeddable":true,"href":"https:\/\/linitiative.ca\/International\/wp-json\/wp\/v2\/tags?post=129841"}],"curies":[{"name":"wp","href":"https:\/\/api.w.org\/{rel}","templated":true}]}}