{"id":129842,"date":"2021-10-12T14:00:00","date_gmt":"2021-10-12T18:00:00","guid":{"rendered":"https:\/\/linitiative.ca\/International\/le-chef-de-gouvernement-decline-les-principaux-engagements-de-son-gouvernement-pour-2021-2026\/"},"modified":"2021-10-12T14:00:00","modified_gmt":"2021-10-12T18:00:00","slug":"le-chef-de-gouvernement-decline-les-principaux-engagements-de-son-gouvernement-pour-2021-2026","status":"publish","type":"post","link":"https:\/\/linitiative.ca\/International\/le-chef-de-gouvernement-decline-les-principaux-engagements-de-son-gouvernement-pour-2021-2026\/","title":{"rendered":"Le Chef de gouvernement d\u00e9cline les principaux engagements de son gouvernement pour 2021-2026"},"content":{"rendered":"<div>\n<p class=\"has-black-color has-text-color\"><strong>Le chef du gouvernement Aziz Akhannouch a d\u00e9clin\u00e9, lundi, les principaux engagements de son cabinet pour la p\u00e9riode 2021-2026, tels que consign\u00e9s dans le programme gouvernemental.<\/strong><\/p>\n<p class=\"has-black-color has-text-color\">Pr\u00e9sentant les traits saillants de ce programme, lors d\u2019une s\u00e9ance conjointe des deux Chambres du Parlement, conform\u00e9ment aux dispositions de l\u2019article 88 de la Constitution, M. Akhannouch a indiqu\u00e9 que la d\u00e9finition de ces engagements majeurs s\u2019inscrit dans le cadre de l\u2019application du principe de la reddition des comptes et vise \u00e0 faciliter le suivi et l\u2019\u00e9valuation du bilan du gouvernement.<\/p>\n<p class=\"has-black-color has-text-color\">Il a pr\u00e9cis\u00e9 que ces engagements consistent en la cr\u00e9ation d\u2019au moins un million de postes d\u2019emploi net au cours des cinq prochaines ann\u00e9es, l\u2019augmentation du taux d\u2019activit\u00e9 des femmes de plus de 30% au lieu de 20% actuellement, la mise en \u0153uvre de la protection sociale globale, la protection et l\u2019\u00e9largissement de la classe moyenne, et la cr\u00e9ation des conditions socio\u00e9conomiques favorables \u00e0 l\u2019\u00e9mergence d\u2019une classe agricole moyenne dans le monde rural.<\/p>\n<p class=\"has-black-color has-text-color\">Il a ajout\u00e9 que ces engagements englobent \u00e9galement la mobilisation du syst\u00e8me \u00e9ducatif, toutes composantes confondues, pour placer le Maroc dans le Top 60 des meilleurs pays dans le monde en la mati\u00e8re (contrairement aux derniers classements dans la majorit\u00e9 des indicateurs mondiaux), et la mise en \u0153uvre du caract\u00e8re officiel de la langue Amazighe, notamment \u00e0 travers la cr\u00e9ation d\u2019un fonds sp\u00e9cial dot\u00e9 d\u2019un milliard de dirhams d\u2019ici 2025.<\/p>\n<p class=\"has-black-color has-text-color\">Le gouvernement, a-t-il poursuivi, s\u2019engage pendant la p\u00e9riode de son mandat \u00e0 am\u00e9liorer progressivement les \u00e9quilibres macro\u00e9conomiques du Royaume.<\/p>\n<p class=\"has-black-color has-text-color\">M. Akhannouch a, par ailleurs, expliqu\u00e9 que la majorit\u00e9 des \u00e9lecteurs ont choisi, lors des \u00e9ch\u00e9ances communales, r\u00e9gionales et l\u00e9gislatives, de soutenir les partis politiques ayant pr\u00e9sent\u00e9 des programmes ambitieux et r\u00e9alistes et qui comportent des mesures chiffr\u00e9es et pr\u00e9cises.<\/p>\n<p class=\"has-black-color has-text-color\">Il a estim\u00e9 que la volont\u00e9 populaire a montr\u00e9, \u00e0 travers le taux de participation et les r\u00e9sultats des urnes, que le r\u00e9tablissement de la confiance en l\u2019action politique passe immanquablement par la pr\u00e9sentation d\u2019options et de programmes sociaux cr\u00e9dibles qui abordent les priorit\u00e9s r\u00e9elles des citoyens.<\/p>\n<p>L\u2019article <a rel=\"nofollow\" href=\"http:\/\/albayane.press.ma\/le-chef-de-gouvernement-decline-les-principaux-engagements-de-son-gouvernement-pour-2021-2026.html\">Le Chef de gouvernement d\u00e9cline les principaux engagements de son gouvernement pour 2021-2026<\/a> est apparu en premier sur <a rel=\"nofollow\" href=\"http:\/\/albayane.press.ma\/\">ALBAYANE<\/a>.<\/p>\n<\/div>\n<p>Auteur: M&rsquo;hammed rahal<br \/>\n<a href=\"http:\/\/albayane.press.ma\/le-chef-de-gouvernement-decline-les-principaux-engagements-de-son-gouvernement-pour-2021-2026.html\">Cliquez ici pour lire l&rsquo;article depuis sa source.<\/a><\/p>\n","protected":false},"excerpt":{"rendered":"<p>Le chef du gouvernement Aziz Akhannouch a d\u00e9clin\u00e9, lundi, les principaux engagements de son cabinet pour la p\u00e9riode 2021-2026, tels que consign\u00e9s dans le programme gouvernemental. Pr\u00e9sentant les traits saillants de ce programme, lors d\u2019une s\u00e9ance conjointe des deux Chambres du Parlement, conform\u00e9ment aux dispositions de l\u2019article 88 de la Constitution, M. Akhannouch a indiqu\u00e9 [&hellip;]<\/p>\n","protected":false},"author":1760,"featured_media":0,"comment_status":"closed","ping_status":"closed","sticky":false,"template":"","format":"standard","meta":{"fifu_image_url":"","fifu_image_alt":"","footnotes":""},"categories":[73,54],"tags":[],"class_list":["post-129842","post","type-post","status-publish","format-standard","hentry","category-actualite","category-maroc"],"_links":{"self":[{"href":"https:\/\/linitiative.ca\/International\/wp-json\/wp\/v2\/posts\/129842","targetHints":{"allow":["GET"]}}],"collection":[{"href":"https:\/\/linitiative.ca\/International\/wp-json\/wp\/v2\/posts"}],"about":[{"href":"https:\/\/linitiative.ca\/International\/wp-json\/wp\/v2\/types\/post"}],"author":[{"embeddable":true,"href":"https:\/\/linitiative.ca\/International\/wp-json\/wp\/v2\/users\/1760"}],"replies":[{"embeddable":true,"href":"https:\/\/linitiative.ca\/International\/wp-json\/wp\/v2\/comments?post=129842"}],"version-history":[{"count":0,"href":"https:\/\/linitiative.ca\/International\/wp-json\/wp\/v2\/posts\/129842\/revisions"}],"wp:attachment":[{"href":"https:\/\/linitiative.ca\/International\/wp-json\/wp\/v2\/media?parent=129842"}],"wp:term":[{"taxonomy":"category","embeddable":true,"href":"https:\/\/linitiative.ca\/International\/wp-json\/wp\/v2\/categories?post=129842"},{"taxonomy":"post_tag","embeddable":true,"href":"https:\/\/linitiative.ca\/International\/wp-json\/wp\/v2\/tags?post=129842"}],"curies":[{"name":"wp","href":"https:\/\/api.w.org\/{rel}","templated":true}]}}