{"id":129843,"date":"2021-10-12T14:00:00","date_gmt":"2021-10-12T18:00:00","guid":{"rendered":"https:\/\/linitiative.ca\/International\/lepoque-scandinave\/"},"modified":"2021-10-12T14:00:00","modified_gmt":"2021-10-12T18:00:00","slug":"lepoque-scandinave","status":"publish","type":"post","link":"https:\/\/linitiative.ca\/International\/lepoque-scandinave\/","title":{"rendered":"L\u2019\u00e9poque scandinave"},"content":{"rendered":"<div>\n<p class=\"has-text-align-left has-black-color has-text-color\"><strong>Depuis d\u00e9j\u00e0 belle lurette, le march\u00e9 touristique scandinave fait d\u00e9faut dans notre pays, en particulier \u00e0 la destination d\u2019Agadir, station baln\u00e9aire de tradition du royaume. La communaut\u00e9 touristique dans la r\u00e9gion du Souss, voire le Maroc tout entier, se souviendra certainement de la belle \u00e9poque o\u00f9 les pays des Vikings avaient comme pr\u00e9f\u00e9rence de marque, \u00a0le baln\u00e9aire, \u00e0 sa t\u00eate la baie d\u2019Agadir.<\/strong><\/p>\n<p class=\"has-text-align-left has-black-color has-text-color\">On se rappelle la ru\u00e9e vers cette cl\u00e9mence \u00a0hivernale fort attrayante, avec ses dunes resplendissantes, ses immensit\u00e9s marines \u00e0 perte de vue, cet essaim h\u00f4telier p\u00e9tillant qui ne connaissait pas encore ce maudit \u00abAll inclusive\u00bb. Ce n\u2019est plus qu\u2019une bien douce r\u00e9miniscence qui effleure, aujourd\u2019hui, les sensations nostalgiques. Le march\u00e9 scandinave est potentiellement porteur. C\u2019est une r\u00e9elle opportunit\u00e9 pour les destinations nationales. Fort motiv\u00e9s par ces atouts climatiques, naturels et structurels,\u00a0les op\u00e9rateurs marocains s\u2019attellent \u00e0 mettre les bouch\u00e9es doubles pour s\u2019octroyer des parts de client\u00e8le beaucoup plus \u00e9toff\u00e9es, en coop\u00e9ration avec des tours op\u00e9rateurs de tous les pays nordiques, \u00e0 savoir la Lettonie, l\u2019Estonie, le Danemark, la Norv\u00e8ge, la Su\u00e8de et la Finlande.Mais, il semble bien que ces prouesses tendent \u00e0 s\u2019effilocher, au fil du temps. Cependant, ces tentatives ne sauraient \u00eatre abandonn\u00e9es. Il va falloir donc se ressaisir de plus belle, pour une autre offensive plus performante. Le Salon TUR est donc le meilleur ticket d\u2019acc\u00e8s au march\u00e9 scandinave des voyages et du tourisme en pleine expansion. Un march\u00e9 florissant qui g\u00e9n\u00e8re des dizaines de milliards d\u2019euros de chiffre d\u2019affaires. TUR est, pareillement, depuis pr\u00e8s d\u2019un quart de si\u00e8cle, le plus important Salon organis\u00e9 en Scandinavie dans le domaine des voyages, du tourisme et des congr\u00e8s et s\u00e9minaires. Il repr\u00e9sente une bonne plate-forme de contact direct avec les professionnels de ce secteur, avec les d\u00e9cideurs et personnes influentes dans les r\u00e9seaux d\u2019agences de voyages, organisateurs de circuits touristiques et soci\u00e9t\u00e9s de transport, organisateurs de congr\u00e8s.<\/p>\n<p class=\"has-text-align-left has-black-color has-text-color\">Ce qui permet, sans doute, d\u2019augmenter les chances d\u2019Agadir, en tant que produit baln\u00e9aire de choix, de nouer des relations productives, conclure des affaires rentables, convaincre de nouveau les flux touristiques du march\u00e9 vers la destination. Les professionnels ont alors bien raison de se rendre annuellement \u00e0 ce rendez-vous d\u2019envergure. Les institutionnels et investisseurs marocains se devront d\u2019accompagner cette dynamique incontestable. Le Salon est pareillement un point d\u2019information et de vente qualifi\u00e9 d\u00e9di\u00e9 aussi au grand public, c\u2019est-\u00e0-dire \u00e0 tous les consommateurs de voyages et vacances \u00e0 l\u2019\u00e9tranger, surtout que de plus en plus, les voyages sont r\u00e9serv\u00e9s directement durant le Salon.Il va donc falloir redoubler d\u2019efforts pour (re)conqu\u00e9rir le march\u00e9, car, quoique la crise pand\u00e9mique s\u00e9visse en ces temps dans la plupart des pays , les Scandinaves demeurent de grands voyageurs. Les potentialit\u00e9s touristiques d\u2019Agadir ne sont plus \u00e0 d\u00e9montrer, en d\u00e9pit de son essoufflement \u00e0 plus d\u2019un titre.<\/p>\n<p>L\u2019article <a rel=\"nofollow\" href=\"http:\/\/albayane.press.ma\/lepoque-scandinave.html\">L\u2019\u00e9poque scandinave<\/a> est apparu en premier sur <a rel=\"nofollow\" href=\"http:\/\/albayane.press.ma\/\">ALBAYANE<\/a>.<\/p>\n<\/div>\n<p>Auteur: M&rsquo;hammed rahal<br \/>\n<a href=\"http:\/\/albayane.press.ma\/lepoque-scandinave.html\">Cliquez ici pour lire l&rsquo;article depuis sa source.<\/a><\/p>\n","protected":false},"excerpt":{"rendered":"<p>Depuis d\u00e9j\u00e0 belle lurette, le march\u00e9 touristique scandinave fait d\u00e9faut dans notre pays, en particulier \u00e0 la destination d\u2019Agadir, station baln\u00e9aire de tradition du royaume. La communaut\u00e9 touristique dans la r\u00e9gion du Souss, voire le Maroc tout entier, se souviendra certainement de la belle \u00e9poque o\u00f9 les pays des Vikings avaient comme pr\u00e9f\u00e9rence de marque, [&hellip;]<\/p>\n","protected":false},"author":1760,"featured_media":0,"comment_status":"closed","ping_status":"closed","sticky":false,"template":"","format":"standard","meta":{"fifu_image_url":"","fifu_image_alt":"","footnotes":""},"categories":[73,54],"tags":[],"class_list":["post-129843","post","type-post","status-publish","format-standard","hentry","category-actualite","category-maroc"],"_links":{"self":[{"href":"https:\/\/linitiative.ca\/International\/wp-json\/wp\/v2\/posts\/129843","targetHints":{"allow":["GET"]}}],"collection":[{"href":"https:\/\/linitiative.ca\/International\/wp-json\/wp\/v2\/posts"}],"about":[{"href":"https:\/\/linitiative.ca\/International\/wp-json\/wp\/v2\/types\/post"}],"author":[{"embeddable":true,"href":"https:\/\/linitiative.ca\/International\/wp-json\/wp\/v2\/users\/1760"}],"replies":[{"embeddable":true,"href":"https:\/\/linitiative.ca\/International\/wp-json\/wp\/v2\/comments?post=129843"}],"version-history":[{"count":0,"href":"https:\/\/linitiative.ca\/International\/wp-json\/wp\/v2\/posts\/129843\/revisions"}],"wp:attachment":[{"href":"https:\/\/linitiative.ca\/International\/wp-json\/wp\/v2\/media?parent=129843"}],"wp:term":[{"taxonomy":"category","embeddable":true,"href":"https:\/\/linitiative.ca\/International\/wp-json\/wp\/v2\/categories?post=129843"},{"taxonomy":"post_tag","embeddable":true,"href":"https:\/\/linitiative.ca\/International\/wp-json\/wp\/v2\/tags?post=129843"}],"curies":[{"name":"wp","href":"https:\/\/api.w.org\/{rel}","templated":true}]}}