{"id":129850,"date":"2021-10-13T10:16:00","date_gmt":"2021-10-13T14:16:00","guid":{"rendered":"https:\/\/linitiative.ca\/International\/covid-19-vaccination-denviron-92-pc-de-la-population-carcerale\/"},"modified":"2021-10-13T10:16:00","modified_gmt":"2021-10-13T14:16:00","slug":"covid-19-vaccination-denviron-92-pc-de-la-population-carcerale","status":"publish","type":"post","link":"https:\/\/linitiative.ca\/International\/covid-19-vaccination-denviron-92-pc-de-la-population-carcerale\/","title":{"rendered":"Covid 19: vaccination d\u2019environ 92 pc de la population carc\u00e9rale"},"content":{"rendered":"<div>\n<div style=\"margin-bottom:20px;\"><img loading=\"lazy\" decoding=\"async\" width=\"750\" height=\"430\" src=\"https:\/\/linitiative.ca\/International\/wp-content\/uploads\/sites\/23\/2021\/10\/SiC3A8ge-de-la-DGAPR-M750C397430-MAP.jpg\" class=\"attachment-post-thumbnail size-post-thumbnail wp-post-image\" alt=\"\" srcset=\"https:\/\/linitiative.ca\/International\/wp-content\/uploads\/sites\/23\/2021\/10\/SiC3A8ge-de-la-DGAPR-M750C397430-MAP.jpg 750w, http:\/\/www.mapoujda.ma\/map\/uploads\/2021\/05\/Si\u00e8ge-de-la-DGAPR-M750\u00d7430-MAP-300x172.jpg 300w\" sizes=\"auto, (max-width: 750px) 100vw, 750px\"><\/div>\n<div>\n<p style=\"text-align: justify;\">Environ de 92 pc de la population carc\u00e9rale a \u00e9t\u00e9 vaccin\u00e9e contre la covid-19, a indiqu\u00e9 mercredi la D\u00e9l\u00e9gation g\u00e9n\u00e9rale \u00e0 l\u2019administration p\u00e9nitentiaire et \u00e0 la r\u00e9insertion (DGAPR).<\/p>\n<p style=\"text-align: justify;\">Dans un communiqu\u00e9, la m\u00eame source a fait savoir que la campagne se poursuit pour vacciner les autres d\u00e9tenus ainsi que ceux nouvellement incarc\u00e9r\u00e9s et non encore vaccin\u00e9s.<\/p>\n<p style=\"text-align: justify;\">Dans le cadre de la campagne nationale de vaccination anti-Covid-19, la D\u00e9l\u00e9gation G\u00e9n\u00e9rale s\u2019est employ\u00e9e \u00e0 \u00e9tablir une coordination permanente avec les autorit\u00e9s sanitaires et administratives et \u00e0 mobiliser l\u2019ensemble de son personnel pour g\u00e9n\u00e9raliser cette campagne \u00e0 l\u2019ensemble des p\u00e9nitenciers, a rappel\u00e9 le communiqu\u00e9, notant que la vaccination avec la troisi\u00e8me dose commencera incessamment dans les \u00e9tablissements p\u00e9nitentiaires, et ce pour assurer une protection optimale de l\u2019ensemble de la population\u00a0carc\u00e9rale.<\/p>\n<\/div>\n<p>L\u2019article <a rel=\"nofollow\" href=\"http:\/\/www.mapoujda.ma\/fr\/covid-19-vaccination-denviron-92-pc-de-la-population-carcerale\/\">Covid 19: vaccination d\u2019environ 92 pc de la population carc\u00e9rale<\/a> est apparu en premier sur <a rel=\"nofollow\" href=\"http:\/\/www.mapoujda.ma\/fr\">MapOujda<\/a>.<\/p>\n<\/div>\n<p>Auteur: Soufiane ELAHMAR<br \/>\n<a href=\"http:\/\/www.mapoujda.ma\/fr\/covid-19-vaccination-denviron-92-pc-de-la-population-carcerale\/\">Cliquez ici pour lire l&rsquo;article depuis sa source.<\/a><\/p>\n","protected":false},"excerpt":{"rendered":"<p>Environ de 92 pc de la population carc\u00e9rale a \u00e9t\u00e9 vaccin\u00e9e contre la covid-19, a indiqu\u00e9 mercredi la D\u00e9l\u00e9gation g\u00e9n\u00e9rale \u00e0 l\u2019administration p\u00e9nitentiaire et \u00e0 la r\u00e9insertion (DGAPR). Dans un communiqu\u00e9, la m\u00eame source a fait savoir que la campagne se poursuit pour vacciner les autres d\u00e9tenus ainsi que ceux nouvellement incarc\u00e9r\u00e9s et non encore [&hellip;]<\/p>\n","protected":false},"author":1788,"featured_media":0,"comment_status":"closed","ping_status":"closed","sticky":false,"template":"","format":"standard","meta":{"fifu_image_url":"http:\/\/www.mapoujda.ma\/map\/uploads\/2021\/05\/Si\u00e8ge-de-la-DGAPR-M750\u00d7430-MAP.jpg","fifu_image_alt":"Covid 19: vaccination d\u2019environ 92 pc de la population carc\u00e9rale","footnotes":""},"categories":[54,76],"tags":[],"class_list":["post-129850","post","type-post","status-publish","format-standard","hentry","category-maroc","category-regions"],"_links":{"self":[{"href":"https:\/\/linitiative.ca\/International\/wp-json\/wp\/v2\/posts\/129850","targetHints":{"allow":["GET"]}}],"collection":[{"href":"https:\/\/linitiative.ca\/International\/wp-json\/wp\/v2\/posts"}],"about":[{"href":"https:\/\/linitiative.ca\/International\/wp-json\/wp\/v2\/types\/post"}],"author":[{"embeddable":true,"href":"https:\/\/linitiative.ca\/International\/wp-json\/wp\/v2\/users\/1788"}],"replies":[{"embeddable":true,"href":"https:\/\/linitiative.ca\/International\/wp-json\/wp\/v2\/comments?post=129850"}],"version-history":[{"count":0,"href":"https:\/\/linitiative.ca\/International\/wp-json\/wp\/v2\/posts\/129850\/revisions"}],"wp:attachment":[{"href":"https:\/\/linitiative.ca\/International\/wp-json\/wp\/v2\/media?parent=129850"}],"wp:term":[{"taxonomy":"category","embeddable":true,"href":"https:\/\/linitiative.ca\/International\/wp-json\/wp\/v2\/categories?post=129850"},{"taxonomy":"post_tag","embeddable":true,"href":"https:\/\/linitiative.ca\/International\/wp-json\/wp\/v2\/tags?post=129850"}],"curies":[{"name":"wp","href":"https:\/\/api.w.org\/{rel}","templated":true}]}}