{"id":129853,"date":"2021-10-13T10:22:36","date_gmt":"2021-10-13T14:22:36","guid":{"rendered":"https:\/\/linitiative.ca\/International\/emballage-alimentaire-elopak-acquiert-naturepak-beverage\/"},"modified":"2021-10-13T10:22:36","modified_gmt":"2021-10-13T14:22:36","slug":"emballage-alimentaire-elopak-acquiert-naturepak-beverage","status":"publish","type":"post","link":"https:\/\/linitiative.ca\/International\/emballage-alimentaire-elopak-acquiert-naturepak-beverage\/","title":{"rendered":"Emballage alimentaire: Elopak acquiert Naturepak Beverage"},"content":{"rendered":"<div>\n<div class=\"field field-name-body field-type-text-with-summary field-label-hidden\">\n<div class=\"field-items\">\n<div class=\"field-item even\" property=\"content:encoded\">\n<p class=\"rtejustify\">Elopak, entreprise norv\u00e9gienne sp\u00e9cialis\u00e9e dans les emballages alimentaires, renforce sa pr\u00e9sence sur les march\u00e9s en croissance. La soci\u00e9t\u00e9 a annonc\u00e9, mercredi, l\u2019acquisition de Naturepak Beverage Packaging Co Ltd, le principal fournisseur de cartons et de syst\u00e8mes d\u2019emballage de liquides frais dans la r\u00e9gion Moyen-Orient et Afrique du Nord (MENA).<\/p>\n<\/div>\n<\/div>\n<\/div>\n<\/div>\n<p>Auteur: mbasraoui<br \/>\n<a href=\"https:\/\/www.leconomiste.com\/flash-infos\/emballage-alimentaire-elopak-acquiert-naturepak-beverage\">Cliquez ici pour lire l&rsquo;article depuis sa source.<\/a><\/p>\n","protected":false},"excerpt":{"rendered":"<p>Elopak, entreprise norv\u00e9gienne sp\u00e9cialis\u00e9e dans les emballages alimentaires, renforce sa pr\u00e9sence sur les march\u00e9s en croissance. La soci\u00e9t\u00e9 a annonc\u00e9, mercredi, l\u2019acquisition de Naturepak Beverage Packaging Co Ltd, le principal fournisseur de cartons et de syst\u00e8mes d\u2019emballage de liquides frais dans la r\u00e9gion Moyen-Orient et Afrique du Nord (MENA). Auteur: mbasraoui Cliquez ici pour lire [&hellip;]<\/p>\n","protected":false},"author":1763,"featured_media":0,"comment_status":"closed","ping_status":"closed","sticky":false,"template":"","format":"standard","meta":{"fifu_image_url":"","fifu_image_alt":"","footnotes":""},"categories":[78,54],"tags":[],"class_list":["post-129853","post","type-post","status-publish","format-standard","hentry","category-economie","category-maroc"],"_links":{"self":[{"href":"https:\/\/linitiative.ca\/International\/wp-json\/wp\/v2\/posts\/129853","targetHints":{"allow":["GET"]}}],"collection":[{"href":"https:\/\/linitiative.ca\/International\/wp-json\/wp\/v2\/posts"}],"about":[{"href":"https:\/\/linitiative.ca\/International\/wp-json\/wp\/v2\/types\/post"}],"author":[{"embeddable":true,"href":"https:\/\/linitiative.ca\/International\/wp-json\/wp\/v2\/users\/1763"}],"replies":[{"embeddable":true,"href":"https:\/\/linitiative.ca\/International\/wp-json\/wp\/v2\/comments?post=129853"}],"version-history":[{"count":0,"href":"https:\/\/linitiative.ca\/International\/wp-json\/wp\/v2\/posts\/129853\/revisions"}],"wp:attachment":[{"href":"https:\/\/linitiative.ca\/International\/wp-json\/wp\/v2\/media?parent=129853"}],"wp:term":[{"taxonomy":"category","embeddable":true,"href":"https:\/\/linitiative.ca\/International\/wp-json\/wp\/v2\/categories?post=129853"},{"taxonomy":"post_tag","embeddable":true,"href":"https:\/\/linitiative.ca\/International\/wp-json\/wp\/v2\/tags?post=129853"}],"curies":[{"name":"wp","href":"https:\/\/api.w.org\/{rel}","templated":true}]}}