{"id":129854,"date":"2021-10-13T11:22:29","date_gmt":"2021-10-13T15:22:29","guid":{"rendered":"https:\/\/linitiative.ca\/International\/covid-343-055-personnes-ont-pris-leur-3e-dose\/"},"modified":"2021-10-13T11:22:29","modified_gmt":"2021-10-13T15:22:29","slug":"covid-343-055-personnes-ont-pris-leur-3e-dose","status":"publish","type":"post","link":"https:\/\/linitiative.ca\/International\/covid-343-055-personnes-ont-pris-leur-3e-dose\/","title":{"rendered":"Covid: 343 055 personnes ont pris leur 3e dose"},"content":{"rendered":"<div>\n<div class=\"field field-name-body field-type-text-with-summary field-label-hidden\">\n<div class=\"field-items\">\n<div class=\"field-item even\" property=\"content:encoded\">\n<p>Un total de <strong>343 055<\/strong> personnes ont re\u00e7u la 3e dose du vaccin anti-Covid-19 depuis le\u00a0lancement de l&rsquo;op\u00e9ration, a indiqu\u00e9 mercredi le minist\u00e8re de la Sant\u00e9. Le nombre de primo-vaccin\u00e9s a atteint <strong>23 139 440<\/strong>, alors que celui des personnes ayant re\u00e7u la 2e dose s&rsquo;\u00e9l\u00e8ve d\u00e9sormais \u00e0 <strong>20 587 049<\/strong>.<\/p>\n<\/div>\n<\/div>\n<\/div>\n<\/div>\n<p>Auteur: mbasraoui<br \/>\n<a href=\"https:\/\/www.leconomiste.com\/flash-infos\/covid-282-691-personnes-ont-pris-leur-3e-dose\">Cliquez ici pour lire l&rsquo;article depuis sa source.<\/a><\/p>\n","protected":false},"excerpt":{"rendered":"<p>Un total de 343 055 personnes ont re\u00e7u la 3e dose du vaccin anti-Covid-19 depuis le\u00a0lancement de l&rsquo;op\u00e9ration, a indiqu\u00e9 mercredi le minist\u00e8re de la Sant\u00e9. Le nombre de primo-vaccin\u00e9s a atteint 23 139 440, alors que celui des personnes ayant re\u00e7u la 2e dose s&rsquo;\u00e9l\u00e8ve d\u00e9sormais \u00e0 20 587 049. Auteur: mbasraoui Cliquez ici [&hellip;]<\/p>\n","protected":false},"author":1763,"featured_media":0,"comment_status":"closed","ping_status":"closed","sticky":false,"template":"","format":"standard","meta":{"fifu_image_url":"","fifu_image_alt":"","footnotes":""},"categories":[78,54],"tags":[],"class_list":["post-129854","post","type-post","status-publish","format-standard","hentry","category-economie","category-maroc"],"_links":{"self":[{"href":"https:\/\/linitiative.ca\/International\/wp-json\/wp\/v2\/posts\/129854","targetHints":{"allow":["GET"]}}],"collection":[{"href":"https:\/\/linitiative.ca\/International\/wp-json\/wp\/v2\/posts"}],"about":[{"href":"https:\/\/linitiative.ca\/International\/wp-json\/wp\/v2\/types\/post"}],"author":[{"embeddable":true,"href":"https:\/\/linitiative.ca\/International\/wp-json\/wp\/v2\/users\/1763"}],"replies":[{"embeddable":true,"href":"https:\/\/linitiative.ca\/International\/wp-json\/wp\/v2\/comments?post=129854"}],"version-history":[{"count":0,"href":"https:\/\/linitiative.ca\/International\/wp-json\/wp\/v2\/posts\/129854\/revisions"}],"wp:attachment":[{"href":"https:\/\/linitiative.ca\/International\/wp-json\/wp\/v2\/media?parent=129854"}],"wp:term":[{"taxonomy":"category","embeddable":true,"href":"https:\/\/linitiative.ca\/International\/wp-json\/wp\/v2\/categories?post=129854"},{"taxonomy":"post_tag","embeddable":true,"href":"https:\/\/linitiative.ca\/International\/wp-json\/wp\/v2\/tags?post=129854"}],"curies":[{"name":"wp","href":"https:\/\/api.w.org\/{rel}","templated":true}]}}