{"id":129856,"date":"2021-10-13T12:52:22","date_gmt":"2021-10-13T16:52:22","guid":{"rendered":"https:\/\/linitiative.ca\/International\/cadavre-dune-francaise-a-son-domicile-a-temara-une-enquete-ouverte\/"},"modified":"2021-10-13T12:52:22","modified_gmt":"2021-10-13T16:52:22","slug":"cadavre-dune-francaise-a-son-domicile-a-temara-une-enquete-ouverte","status":"publish","type":"post","link":"https:\/\/linitiative.ca\/International\/cadavre-dune-francaise-a-son-domicile-a-temara-une-enquete-ouverte\/","title":{"rendered":"Cadavre d&rsquo;une Fran\u00e7aise \u00e0 son domicile \u00e0 T\u00e9mara, une enqu\u00eate ouverte"},"content":{"rendered":"<div>\n<div class=\"field field-name-body field-type-text-with-summary field-label-hidden\">\n<div class=\"field-items\">\n<div class=\"field-item even\" property=\"content:encoded\">\n<p class=\"rtejustify\">La brigade de la police judiciaire de T\u00e9mara a ouvert, mercredi, une enqu\u00eate judiciaire sous la supervision du parquet comp\u00e9tent pour d\u00e9terminer les circonstances de la d\u00e9couverte du corps sans vie d&rsquo;une ressortissante fran\u00e7aise, \u00e2g\u00e9e de 89 ans, portant des h\u00e9matomes et une blessure profonde \u00e0 l&rsquo;int\u00e9rieur de son domicile sis au quartier Al-Andalous.<\/p>\n<\/div>\n<\/div>\n<\/div>\n<\/div>\n<p>Auteur: mbasraoui<br \/>\n<a href=\"https:\/\/www.leconomiste.com\/flash-infos\/cadavre-d-une-francaise-son-domicile-temara-une-enquete-ouverte\">Cliquez ici pour lire l&rsquo;article depuis sa source.<\/a><\/p>\n","protected":false},"excerpt":{"rendered":"<p>La brigade de la police judiciaire de T\u00e9mara a ouvert, mercredi, une enqu\u00eate judiciaire sous la supervision du parquet comp\u00e9tent pour d\u00e9terminer les circonstances de la d\u00e9couverte du corps sans vie d&rsquo;une ressortissante fran\u00e7aise, \u00e2g\u00e9e de 89 ans, portant des h\u00e9matomes et une blessure profonde \u00e0 l&rsquo;int\u00e9rieur de son domicile sis au quartier Al-Andalous. Auteur: [&hellip;]<\/p>\n","protected":false},"author":1763,"featured_media":0,"comment_status":"closed","ping_status":"closed","sticky":false,"template":"","format":"standard","meta":{"fifu_image_url":"","fifu_image_alt":"","footnotes":""},"categories":[78,54],"tags":[],"class_list":["post-129856","post","type-post","status-publish","format-standard","hentry","category-economie","category-maroc"],"_links":{"self":[{"href":"https:\/\/linitiative.ca\/International\/wp-json\/wp\/v2\/posts\/129856","targetHints":{"allow":["GET"]}}],"collection":[{"href":"https:\/\/linitiative.ca\/International\/wp-json\/wp\/v2\/posts"}],"about":[{"href":"https:\/\/linitiative.ca\/International\/wp-json\/wp\/v2\/types\/post"}],"author":[{"embeddable":true,"href":"https:\/\/linitiative.ca\/International\/wp-json\/wp\/v2\/users\/1763"}],"replies":[{"embeddable":true,"href":"https:\/\/linitiative.ca\/International\/wp-json\/wp\/v2\/comments?post=129856"}],"version-history":[{"count":0,"href":"https:\/\/linitiative.ca\/International\/wp-json\/wp\/v2\/posts\/129856\/revisions"}],"wp:attachment":[{"href":"https:\/\/linitiative.ca\/International\/wp-json\/wp\/v2\/media?parent=129856"}],"wp:term":[{"taxonomy":"category","embeddable":true,"href":"https:\/\/linitiative.ca\/International\/wp-json\/wp\/v2\/categories?post=129856"},{"taxonomy":"post_tag","embeddable":true,"href":"https:\/\/linitiative.ca\/International\/wp-json\/wp\/v2\/tags?post=129856"}],"curies":[{"name":"wp","href":"https:\/\/api.w.org\/{rel}","templated":true}]}}