{"id":129883,"date":"2021-10-13T15:26:02","date_gmt":"2021-10-13T19:26:02","guid":{"rendered":"https:\/\/linitiative.ca\/International\/programme-gouvernemental-aziz-akhannouch-obtient-la-confiance-du-parlement\/"},"modified":"2021-10-13T15:26:02","modified_gmt":"2021-10-13T19:26:02","slug":"programme-gouvernemental-aziz-akhannouch-obtient-la-confiance-du-parlement","status":"publish","type":"post","link":"https:\/\/linitiative.ca\/International\/programme-gouvernemental-aziz-akhannouch-obtient-la-confiance-du-parlement\/","title":{"rendered":"Programme gouvernemental. Aziz Akhannouch obtient la confiance du parlement"},"content":{"rendered":"<div><img decoding=\"async\" width=\"1020\" height=\"648\" src=\"https:\/\/linitiative.ca\/International\/wp-content\/uploads\/sites\/23\/2021\/10\/693e7cdf-10ad-4aab-ae4c-179d2b8843f9-1.jpg\" class=\"attachment-post-thumbnail size-post-thumbnail wp-post-image\" alt=\"\" loading=\"lazy\" srcset=\"https:\/\/linitiative.ca\/International\/wp-content\/uploads\/sites\/23\/2021\/10\/693e7cdf-10ad-4aab-ae4c-179d2b8843f9-1.jpg 1020w, https:\/\/www.challenge.ma\/wp-content\/uploads\/2021\/09\/693e7cdf-10ad-4aab-ae4c-179d2b8843f9-1-300x191.jpg 300w, https:\/\/www.challenge.ma\/wp-content\/uploads\/2021\/09\/693e7cdf-10ad-4aab-ae4c-179d2b8843f9-1-768x488.jpg 768w, https:\/\/www.challenge.ma\/wp-content\/uploads\/2021\/09\/693e7cdf-10ad-4aab-ae4c-179d2b8843f9-1-360x229.jpg 360w, https:\/\/www.challenge.ma\/wp-content\/uploads\/2021\/09\/693e7cdf-10ad-4aab-ae4c-179d2b8843f9-1-750x476.jpg 750w\" sizes=\"auto, (max-width: 1020px) 100vw, 1020px\" itemprop=\"image\">La Chambre des repr\u00e9sentants a valid\u00e9 le 13 octobre le programme du gouvernement Akhannouch. R\u00e9unie lors d\u2019une s\u00e9ance pl\u00e9ni\u00e8re le 13 octobre, la Chambre des repr\u00e9sentants a adopt\u00e9 le programme gouvernemental r\u00e9cemment pr\u00e9sent\u00e9 par le chef du gouvernement, Aziz Akhannouch, devant les deux Chambres du Parlement, conform\u00e9ment aux dispositions de<\/div>\n<p>Auteur: challenge<br \/>\n<a href=\"https:\/\/www.challenge.ma\/programme-gouvernemental-aziz-akhannouch-obtient-la-confiance-du-parlement-223464\/\">Cliquez ici pour lire l&rsquo;article depuis sa source.<\/a><\/p>\n","protected":false},"excerpt":{"rendered":"<p>La Chambre des repr\u00e9sentants a valid\u00e9 le 13 octobre le programme du gouvernement Akhannouch. R\u00e9unie lors d\u2019une s\u00e9ance pl\u00e9ni\u00e8re le 13 octobre, la Chambre des repr\u00e9sentants a adopt\u00e9 le programme gouvernemental r\u00e9cemment pr\u00e9sent\u00e9 par le chef du gouvernement, Aziz Akhannouch, devant les deux Chambres du Parlement, conform\u00e9ment aux dispositions de Auteur: challenge Cliquez ici pour [&hellip;]<\/p>\n","protected":false},"author":1787,"featured_media":0,"comment_status":"closed","ping_status":"closed","sticky":false,"template":"","format":"standard","meta":{"fifu_image_url":"https:\/\/www.challenge.ma\/wp-content\/uploads\/2021\/09\/693e7cdf-10ad-4aab-ae4c-179d2b8843f9-1.jpg","fifu_image_alt":"Programme gouvernemental. Aziz Akhannouch obtient la confiance du parlement","footnotes":""},"categories":[78,54],"tags":[],"class_list":["post-129883","post","type-post","status-publish","format-standard","hentry","category-economie","category-maroc"],"_links":{"self":[{"href":"https:\/\/linitiative.ca\/International\/wp-json\/wp\/v2\/posts\/129883","targetHints":{"allow":["GET"]}}],"collection":[{"href":"https:\/\/linitiative.ca\/International\/wp-json\/wp\/v2\/posts"}],"about":[{"href":"https:\/\/linitiative.ca\/International\/wp-json\/wp\/v2\/types\/post"}],"author":[{"embeddable":true,"href":"https:\/\/linitiative.ca\/International\/wp-json\/wp\/v2\/users\/1787"}],"replies":[{"embeddable":true,"href":"https:\/\/linitiative.ca\/International\/wp-json\/wp\/v2\/comments?post=129883"}],"version-history":[{"count":0,"href":"https:\/\/linitiative.ca\/International\/wp-json\/wp\/v2\/posts\/129883\/revisions"}],"wp:attachment":[{"href":"https:\/\/linitiative.ca\/International\/wp-json\/wp\/v2\/media?parent=129883"}],"wp:term":[{"taxonomy":"category","embeddable":true,"href":"https:\/\/linitiative.ca\/International\/wp-json\/wp\/v2\/categories?post=129883"},{"taxonomy":"post_tag","embeddable":true,"href":"https:\/\/linitiative.ca\/International\/wp-json\/wp\/v2\/tags?post=129883"}],"curies":[{"name":"wp","href":"https:\/\/api.w.org\/{rel}","templated":true}]}}