{"id":129889,"date":"2021-10-13T17:01:51","date_gmt":"2021-10-13T21:01:51","guid":{"rendered":"https:\/\/linitiative.ca\/International\/tunisie-levee-de-la-greve-des-agents-de-tunisie-telecom\/"},"modified":"2021-10-13T17:01:51","modified_gmt":"2021-10-13T21:01:51","slug":"tunisie-levee-de-la-greve-des-agents-de-tunisie-telecom","status":"publish","type":"post","link":"https:\/\/linitiative.ca\/International\/tunisie-levee-de-la-greve-des-agents-de-tunisie-telecom\/","title":{"rendered":"Tunisie : Lev\u00e9e de la gr\u00e8ve des agents de Tunisie t\u00e9l\u00e9com"},"content":{"rendered":"<div>\n<p>Tunisie T\u00e9l\u00e9com a annonc\u00e9 dans un communiqu\u00e9 que ses longues n\u00e9gociations avec son partenaire social ont abouti aujourd\u2019hui, mercredi 13 octobre 2021, \u00e0 un accord entre les deux parties, \u00e0 l\u2019issue duquel il a \u00e9t\u00e9 d\u00e9cid\u00e9 de lever la gr\u00e8ve et de reprendre le travail de tous les salari\u00e9s dans les divers services centraux et [\u2026]<\/p>\n<p>L\u2019article <a href=\"https:\/\/www.tunisienumerique.com\/tunisie-levee-de-la-greve-des-agents-de-tunisie-telecom\/\">Tunisie : Lev\u00e9e de la gr\u00e8ve des agents de Tunisie t\u00e9l\u00e9com<\/a> est apparu en premier sur <a href=\"http:\/\/www.tunisienumerique.com\/\">Tunisie<\/a>.<\/p>\n<\/div>\n<p>Auteur: rania ben slimane<br \/>\n<a href=\"https:\/\/www.tunisienumerique.com\/tunisie-levee-de-la-greve-des-agents-de-tunisie-telecom\/\">Cliquez ici pour lire l&rsquo;article depuis sa source.<\/a><\/p>\n","protected":false},"excerpt":{"rendered":"<p>Tunisie T\u00e9l\u00e9com a annonc\u00e9 dans un communiqu\u00e9 que ses longues n\u00e9gociations avec son partenaire social ont abouti aujourd\u2019hui, mercredi 13 octobre 2021, \u00e0 un accord entre les deux parties, \u00e0 l\u2019issue duquel il a \u00e9t\u00e9 d\u00e9cid\u00e9 de lever la gr\u00e8ve et de reprendre le travail de tous les salari\u00e9s dans les divers services centraux et [&hellip;]<\/p>\n","protected":false},"author":1789,"featured_media":0,"comment_status":"closed","ping_status":"closed","sticky":false,"template":"","format":"standard","meta":{"fifu_image_url":"","fifu_image_alt":"","footnotes":""},"categories":[73,55],"tags":[],"class_list":["post-129889","post","type-post","status-publish","format-standard","hentry","category-actualite","category-tunisie"],"_links":{"self":[{"href":"https:\/\/linitiative.ca\/International\/wp-json\/wp\/v2\/posts\/129889","targetHints":{"allow":["GET"]}}],"collection":[{"href":"https:\/\/linitiative.ca\/International\/wp-json\/wp\/v2\/posts"}],"about":[{"href":"https:\/\/linitiative.ca\/International\/wp-json\/wp\/v2\/types\/post"}],"author":[{"embeddable":true,"href":"https:\/\/linitiative.ca\/International\/wp-json\/wp\/v2\/users\/1789"}],"replies":[{"embeddable":true,"href":"https:\/\/linitiative.ca\/International\/wp-json\/wp\/v2\/comments?post=129889"}],"version-history":[{"count":0,"href":"https:\/\/linitiative.ca\/International\/wp-json\/wp\/v2\/posts\/129889\/revisions"}],"wp:attachment":[{"href":"https:\/\/linitiative.ca\/International\/wp-json\/wp\/v2\/media?parent=129889"}],"wp:term":[{"taxonomy":"category","embeddable":true,"href":"https:\/\/linitiative.ca\/International\/wp-json\/wp\/v2\/categories?post=129889"},{"taxonomy":"post_tag","embeddable":true,"href":"https:\/\/linitiative.ca\/International\/wp-json\/wp\/v2\/tags?post=129889"}],"curies":[{"name":"wp","href":"https:\/\/api.w.org\/{rel}","templated":true}]}}