{"id":129892,"date":"2021-10-13T16:36:19","date_gmt":"2021-10-13T20:36:19","guid":{"rendered":"https:\/\/linitiative.ca\/International\/mise-a-la-retraite-de-42-generaux-en-guinee\/"},"modified":"2021-10-13T16:36:19","modified_gmt":"2021-10-13T20:36:19","slug":"mise-a-la-retraite-de-42-generaux-en-guinee","status":"publish","type":"post","link":"https:\/\/linitiative.ca\/International\/mise-a-la-retraite-de-42-generaux-en-guinee\/","title":{"rendered":"MISE A LA RETRAITE DE 42 GENERAUX EN GUINEE  \u00a0"},"content":{"rendered":"<div>\n<p><img decoding=\"async\" width=\"592\" height=\"296\" src=\"https:\/\/linitiative.ca\/International\/wp-content\/uploads\/sites\/23\/2021\/10\/DOUMOUYA.jpg\" class=\"attachment- size- wp-post-image\" alt=\"\" loading=\"lazy\" style=\"float:left; margin:0 15px 15px 0;\" srcset=\"https:\/\/linitiative.ca\/International\/wp-content\/uploads\/sites\/23\/2021\/10\/DOUMOUYA.jpg 592w, https:\/\/lepays.bf\/wp-content\/uploads\/2021\/10\/DOUMOUYA-300x150.jpg 300w\" sizes=\"auto, (max-width: 592px) 100vw, 592px\">\u00a0Par d\u00e9crets pr\u00e9sidentiels, le pr\u00e9sident de la Transition guin\u00e9enne, le colonel Mamadi Doumbouya, a op\u00e9r\u00e9 de profonds remaniements au sein de l\u2019arm\u00e9e. Au total, 42 g\u00e9n\u00e9raux consid\u00e9r\u00e9s comme piliers de l\u2019ancien r\u00e9gime, ont \u00e9t\u00e9 purement et simplement mis \u00e0 la retraite. En temps normal, de tels changements ne susciteraient aucune interrogation. Mais dans le contexte \u2026<\/p>\n<p>L\u2019article <a rel=\"nofollow\" href=\"https:\/\/lepays.bf\/mise-a-la-retraite-de-42-generaux-en-guinee\/\">MISE A LA RETRAITE DE 42 GENERAUX EN GUINEE  \u00a0<\/a> est apparu en premier sur <a rel=\"nofollow\" href=\"https:\/\/lepays.bf\/\">Editions Le Pays<\/a>.<\/p>\n<\/div>\n<p>Auteur: Editions LEPAYS<br \/>\n<a href=\"https:\/\/lepays.bf\/mise-a-la-retraite-de-42-generaux-en-guinee\/\">Cliquez ici pour lire l&rsquo;article depuis sa source.<\/a><\/p>\n","protected":false},"excerpt":{"rendered":"<p>\u00a0Par d\u00e9crets pr\u00e9sidentiels, le pr\u00e9sident de la Transition guin\u00e9enne, le colonel Mamadi Doumbouya, a op\u00e9r\u00e9 de profonds remaniements au sein de l\u2019arm\u00e9e. Au total, 42 g\u00e9n\u00e9raux consid\u00e9r\u00e9s comme piliers de l\u2019ancien r\u00e9gime, ont \u00e9t\u00e9 purement et simplement mis \u00e0 la retraite. En temps normal, de tels changements ne susciteraient aucune interrogation. Mais dans le contexte [&hellip;]<\/p>\n","protected":false},"author":1813,"featured_media":0,"comment_status":"closed","ping_status":"closed","sticky":false,"template":"","format":"standard","meta":{"fifu_image_url":"https:\/\/lepays.bf\/wp-content\/uploads\/2021\/10\/DOUMOUYA.jpg","fifu_image_alt":"MISE A LA RETRAITE DE 42 GENERAUX EN GUINEE  \u00a0","footnotes":""},"categories":[73,81],"tags":[],"class_list":["post-129892","post","type-post","status-publish","format-standard","hentry","category-actualite","category-burkina-faso"],"_links":{"self":[{"href":"https:\/\/linitiative.ca\/International\/wp-json\/wp\/v2\/posts\/129892","targetHints":{"allow":["GET"]}}],"collection":[{"href":"https:\/\/linitiative.ca\/International\/wp-json\/wp\/v2\/posts"}],"about":[{"href":"https:\/\/linitiative.ca\/International\/wp-json\/wp\/v2\/types\/post"}],"author":[{"embeddable":true,"href":"https:\/\/linitiative.ca\/International\/wp-json\/wp\/v2\/users\/1813"}],"replies":[{"embeddable":true,"href":"https:\/\/linitiative.ca\/International\/wp-json\/wp\/v2\/comments?post=129892"}],"version-history":[{"count":0,"href":"https:\/\/linitiative.ca\/International\/wp-json\/wp\/v2\/posts\/129892\/revisions"}],"wp:attachment":[{"href":"https:\/\/linitiative.ca\/International\/wp-json\/wp\/v2\/media?parent=129892"}],"wp:term":[{"taxonomy":"category","embeddable":true,"href":"https:\/\/linitiative.ca\/International\/wp-json\/wp\/v2\/categories?post=129892"},{"taxonomy":"post_tag","embeddable":true,"href":"https:\/\/linitiative.ca\/International\/wp-json\/wp\/v2\/tags?post=129892"}],"curies":[{"name":"wp","href":"https:\/\/api.w.org\/{rel}","templated":true}]}}