{"id":129894,"date":"2021-10-13T16:39:54","date_gmt":"2021-10-13T20:39:54","guid":{"rendered":"https:\/\/linitiative.ca\/International\/report-du-sommet-de-loif\/"},"modified":"2021-10-13T16:39:54","modified_gmt":"2021-10-13T20:39:54","slug":"report-du-sommet-de-loif","status":"publish","type":"post","link":"https:\/\/linitiative.ca\/International\/report-du-sommet-de-loif\/","title":{"rendered":"REPORT DU SOMMET DE L\u2019OIF"},"content":{"rendered":"<div>\n<p><img decoding=\"async\" width=\"800\" height=\"500\" src=\"https:\/\/linitiative.ca\/International\/wp-content\/uploads\/sites\/23\/2021\/10\/OIF.jpg\" class=\"attachment- size- wp-post-image\" alt=\"\" loading=\"lazy\" style=\"float:left; margin:0 15px 15px 0;\" srcset=\"https:\/\/linitiative.ca\/International\/wp-content\/uploads\/sites\/23\/2021\/10\/OIF.jpg 800w, https:\/\/lepays.bf\/wp-content\/uploads\/2021\/10\/OIF-300x188.jpg 300w, https:\/\/lepays.bf\/wp-content\/uploads\/2021\/10\/OIF-768x480.jpg 768w\" sizes=\"auto, (max-width: 800px) 100vw, 800px\">Alors qu\u2019il devait se tenir \u00e0 Djerba (Tunisie), en novembre prochain, le sommet de la Francophonie a \u00e9t\u00e9 report\u00e9 d\u2019un an, pr\u00e9cis\u00e9ment \u00e0 l\u2019automne 2022.\u00a0 Ainsi en ont d\u00e9cid\u00e9 les repr\u00e9sentants des 88 Etats membres et associ\u00e9s de l\u2019Organisation internationale de la Francophonie (OIF). Un report li\u00e9 \u00e0 l\u2019instabilit\u00e9 socio-politique que traverse ce pays, depuis \u2026<\/p>\n<p>L\u2019article <a rel=\"nofollow\" href=\"https:\/\/lepays.bf\/report-du-sommet-de-loif\/\">REPORT DU SOMMET DE L\u2019OIF<\/a> est apparu en premier sur <a rel=\"nofollow\" href=\"https:\/\/lepays.bf\/\">Editions Le Pays<\/a>.<\/p>\n<\/div>\n<p>Auteur: Editions LEPAYS<br \/>\n<a href=\"https:\/\/lepays.bf\/report-du-sommet-de-loif\/\">Cliquez ici pour lire l&rsquo;article depuis sa source.<\/a><\/p>\n","protected":false},"excerpt":{"rendered":"<p>Alors qu\u2019il devait se tenir \u00e0 Djerba (Tunisie), en novembre prochain, le sommet de la Francophonie a \u00e9t\u00e9 report\u00e9 d\u2019un an, pr\u00e9cis\u00e9ment \u00e0 l\u2019automne 2022.\u00a0 Ainsi en ont d\u00e9cid\u00e9 les repr\u00e9sentants des 88 Etats membres et associ\u00e9s de l\u2019Organisation internationale de la Francophonie (OIF). Un report li\u00e9 \u00e0 l\u2019instabilit\u00e9 socio-politique que traverse ce pays, depuis [&hellip;]<\/p>\n","protected":false},"author":1813,"featured_media":0,"comment_status":"closed","ping_status":"closed","sticky":false,"template":"","format":"standard","meta":{"fifu_image_url":"https:\/\/lepays.bf\/wp-content\/uploads\/2021\/10\/OIF.jpg","fifu_image_alt":"REPORT DU SOMMET DE L\u2019OIF","footnotes":""},"categories":[73,81],"tags":[],"class_list":["post-129894","post","type-post","status-publish","format-standard","hentry","category-actualite","category-burkina-faso"],"_links":{"self":[{"href":"https:\/\/linitiative.ca\/International\/wp-json\/wp\/v2\/posts\/129894","targetHints":{"allow":["GET"]}}],"collection":[{"href":"https:\/\/linitiative.ca\/International\/wp-json\/wp\/v2\/posts"}],"about":[{"href":"https:\/\/linitiative.ca\/International\/wp-json\/wp\/v2\/types\/post"}],"author":[{"embeddable":true,"href":"https:\/\/linitiative.ca\/International\/wp-json\/wp\/v2\/users\/1813"}],"replies":[{"embeddable":true,"href":"https:\/\/linitiative.ca\/International\/wp-json\/wp\/v2\/comments?post=129894"}],"version-history":[{"count":0,"href":"https:\/\/linitiative.ca\/International\/wp-json\/wp\/v2\/posts\/129894\/revisions"}],"wp:attachment":[{"href":"https:\/\/linitiative.ca\/International\/wp-json\/wp\/v2\/media?parent=129894"}],"wp:term":[{"taxonomy":"category","embeddable":true,"href":"https:\/\/linitiative.ca\/International\/wp-json\/wp\/v2\/categories?post=129894"},{"taxonomy":"post_tag","embeddable":true,"href":"https:\/\/linitiative.ca\/International\/wp-json\/wp\/v2\/tags?post=129894"}],"curies":[{"name":"wp","href":"https:\/\/api.w.org\/{rel}","templated":true}]}}