{"id":129912,"date":"2021-10-13T12:18:01","date_gmt":"2021-10-13T16:18:01","guid":{"rendered":"https:\/\/linitiative.ca\/International\/rdc-debut-de-la-vaccination-contre-ebola\/"},"modified":"2021-10-13T12:18:01","modified_gmt":"2021-10-13T16:18:01","slug":"rdc-debut-de-la-vaccination-contre-ebola","status":"publish","type":"post","link":"https:\/\/linitiative.ca\/International\/rdc-debut-de-la-vaccination-contre-ebola\/","title":{"rendered":"RDC : d\u00e9but de la vaccination contre Ebola"},"content":{"rendered":"<div>\n<p><img loading=\"lazy\" decoding=\"async\" width=\"1024\" height=\"681\" src=\"https:\/\/linitiative.ca\/International\/wp-content\/uploads\/sites\/23\/2021\/10\/16341418817216.jpg\" class=\"attachment-post-thumbnail size-post-thumbnail wp-post-image\" alt=\"\" srcset=\"https:\/\/linitiative.ca\/International\/wp-content\/uploads\/sites\/23\/2021\/10\/16341418817216.jpg 1024w, https:\/\/www.journalducameroun.com\/wp-content\/uploads\/2021\/10\/16341418817216-300x200.jpg 300w, https:\/\/www.journalducameroun.com\/wp-content\/uploads\/2021\/10\/16341418817216-768x511.jpg 768w, https:\/\/www.journalducameroun.com\/wp-content\/uploads\/2021\/10\/16341418817216-662x440.jpg 662w, https:\/\/www.journalducameroun.com\/wp-content\/uploads\/2021\/10\/16341418817216-600x399.jpg 600w\" sizes=\"auto, (max-width: 1024px) 100vw, 1024px\"><\/p>\n<p>L&rsquo;inoculation des doses de vaccins a commenc\u00e9 ce mercredi dans la province du Nord-Kivu (Est) o\u00f9 un cas a \u00e9t\u00e9 confirm\u00e9 le 8 octobre dernier.C&rsquo;est la \u00e9ni\u00e8me r\u00e9surgence d&rsquo;Ebola que tentent de contenir les autorit\u00e9s congolaises. Environ 1000 doses du vaccin anti-Ebola rVSV-ZEBOV et d&rsquo;autres fournitures m\u00e9dicales ont \u00e9t\u00e9 livr\u00e9es de la capitale Kinshasa \u00e0 la ville de Goma, dans le Nord-Kivu. Et pr\u00e8s de 200 doses ont \u00e9t\u00e9 envoy\u00e9es jusqu&rsquo;\u00e0 Beni.<\/p>\n<p>Les personnes \u00e0 risque, parmi lesquelles les contacts du cas confirm\u00e9 et les premiers intervenants, seront vaccin\u00e9es dans le cadre d&rsquo;une action entreprise par les autorit\u00e9s sanitaires pour endiguer la propagation du virus.<\/p>\n<p>La victime est un gar\u00e7on de deux ans, d\u00e9c\u00e9d\u00e9 le 6 octobre, dans un centre de sant\u00e9 local. Il vivait au sein de la m\u00eame communaut\u00e9 o\u00f9 trois membres d&rsquo;une famille sont morts en septembre apr\u00e8s avoir ressenti des sympt\u00f4mes analogues \u00e0 ceux d&rsquo;Ebola.<\/p>\n<p>Les vaccinateurs ont recours \u00e0 la \u00ab vaccination en ceinture \u00bb, qui consiste \u00e0 inoculer les doses aux personnes contacts et les contacts de contacts. La R\u00e9publique d\u00e9mocratique du Congo dispose de plus de 12 000 doses de vaccin \u00e0 Kinshasa, qui peuvent \u00eatre d\u00e9ploy\u00e9es si n\u00e9cessaire.<\/p>\n<p>En plus d&rsquo;organiser les activit\u00e9s de vaccination, les \u00e9quipes de riposte d&rsquo;urgence travaillent pour suivre les contacts, d\u00e9contaminer les lieux infect\u00e9s et renforcer la surveillance et le d\u00e9pistage. Plus de 170 contacts ont d\u00e9j\u00e0 \u00e9t\u00e9 identifi\u00e9s et les \u00e9quipes contr\u00f4lent leur \u00e9tat de sant\u00e9.<\/p>\n<p>Afin de soutenir les efforts de riposte des autorit\u00e9s nationales, l&rsquo;Organisation mondiale de la sant\u00e9 (Oms) a mis \u00e0 disposition 200 000 dollars de son Fonds de r\u00e9serve pour les situations d&rsquo;urgence. Elle est aussi en train d&rsquo;entreprendre l&rsquo;acheminement de cinq tonnes de mat\u00e9riel de riposte, dont des m\u00e9dicaments, des \u00e9quipements de protection individuelle et du mat\u00e9riel de laboratoire.<\/p>\n<p>Beni \u00e9tait l&rsquo;un des \u00e9picentres de l&rsquo;\u00e9pid\u00e9mie d&rsquo;Ebola de 2018-2020 dans l&rsquo;est de la R\u00e9publique d\u00e9mocratique du Congo et se situe \u00e0 environ 50 km de la ville de Butembo, qui a \u00e9t\u00e9 le th\u00e9\u00e2tre d&rsquo;une \u00e9pid\u00e9mie cette ann\u00e9e.<\/p>\n<p>Des cas sporadiques peuvent survenir apr\u00e8s une \u00e9pid\u00e9mie majeure, mais davantage de s\u00e9quen\u00e7age g\u00e9nomique est n\u00e9cessaire pour d\u00e9terminer si ce dernier cas est li\u00e9 aux pr\u00e9c\u00e9dentes \u00e9pid\u00e9mies.<\/p>\n<p>Le principal laboratoire de l&rsquo;Institut national de recherche biom\u00e9dicale de la R\u00e9publique d\u00e9mocratique du Congo, \u00e0 Kinshasa, examine actuellement les \u00e9chantillons du cas confirm\u00e9 afin d&rsquo;identifier la souche du virus. Les r\u00e9sultats devraient \u00eatre disponibles cette semaine.<\/p>\n<p>Cet article <a rel=\"nofollow\" href=\"https:\/\/www.journalducameroun.com\/rdc-debut-de-la-vaccination-contre-ebola\/\">RDC : d\u00e9but de la vaccination contre Ebola<\/a> est apparu en premier sur <a rel=\"nofollow\" href=\"https:\/\/www.journalducameroun.com\/\">Journal du Cameroun<\/a>.<\/p>\n<\/div>\n<p>Auteur: APA News<br \/>\n<a href=\"https:\/\/www.journalducameroun.com\/rdc-debut-de-la-vaccination-contre-ebola\/\">Cliquez ici pour lire l&rsquo;article depuis sa source.<\/a><\/p>\n","protected":false},"excerpt":{"rendered":"<p>L&rsquo;inoculation des doses de vaccins a commenc\u00e9 ce mercredi dans la province du Nord-Kivu (Est) o\u00f9 un cas a \u00e9t\u00e9 confirm\u00e9 le 8 octobre dernier.C&rsquo;est la \u00e9ni\u00e8me r\u00e9surgence d&rsquo;Ebola que tentent de contenir les autorit\u00e9s congolaises. Environ 1000 doses du vaccin anti-Ebola rVSV-ZEBOV et d&rsquo;autres fournitures m\u00e9dicales ont \u00e9t\u00e9 livr\u00e9es de la capitale Kinshasa \u00e0 [&hellip;]<\/p>\n","protected":false},"author":1965,"featured_media":0,"comment_status":"closed","ping_status":"closed","sticky":false,"template":"","format":"standard","meta":{"fifu_image_url":"https:\/\/www.journalducameroun.com\/wp-content\/uploads\/2021\/10\/16341418817216.jpg","fifu_image_alt":"RDC : d\u00e9but de la vaccination contre Ebola","footnotes":""},"categories":[73,82],"tags":[],"class_list":["post-129912","post","type-post","status-publish","format-standard","hentry","category-actualite","category-cameroun"],"_links":{"self":[{"href":"https:\/\/linitiative.ca\/International\/wp-json\/wp\/v2\/posts\/129912","targetHints":{"allow":["GET"]}}],"collection":[{"href":"https:\/\/linitiative.ca\/International\/wp-json\/wp\/v2\/posts"}],"about":[{"href":"https:\/\/linitiative.ca\/International\/wp-json\/wp\/v2\/types\/post"}],"author":[{"embeddable":true,"href":"https:\/\/linitiative.ca\/International\/wp-json\/wp\/v2\/users\/1965"}],"replies":[{"embeddable":true,"href":"https:\/\/linitiative.ca\/International\/wp-json\/wp\/v2\/comments?post=129912"}],"version-history":[{"count":0,"href":"https:\/\/linitiative.ca\/International\/wp-json\/wp\/v2\/posts\/129912\/revisions"}],"wp:attachment":[{"href":"https:\/\/linitiative.ca\/International\/wp-json\/wp\/v2\/media?parent=129912"}],"wp:term":[{"taxonomy":"category","embeddable":true,"href":"https:\/\/linitiative.ca\/International\/wp-json\/wp\/v2\/categories?post=129912"},{"taxonomy":"post_tag","embeddable":true,"href":"https:\/\/linitiative.ca\/International\/wp-json\/wp\/v2\/tags?post=129912"}],"curies":[{"name":"wp","href":"https:\/\/api.w.org\/{rel}","templated":true}]}}