{"id":129916,"date":"2021-10-13T12:25:24","date_gmt":"2021-10-13T16:25:24","guid":{"rendered":"https:\/\/linitiative.ca\/International\/cameroun-vers-la-mise-en-place-dune-usine-dassemblage-de-motocycles\/"},"modified":"2021-10-13T12:25:24","modified_gmt":"2021-10-13T16:25:24","slug":"cameroun-vers-la-mise-en-place-dune-usine-dassemblage-de-motocycles","status":"publish","type":"post","link":"https:\/\/linitiative.ca\/International\/cameroun-vers-la-mise-en-place-dune-usine-dassemblage-de-motocycles\/","title":{"rendered":"Cameroun : vers la mise en place d\u2019une usine d\u2019assemblage de motocycles"},"content":{"rendered":"<div>\n<p><img loading=\"lazy\" decoding=\"async\" width=\"800\" height=\"461\" src=\"https:\/\/linitiative.ca\/International\/wp-content\/uploads\/sites\/23\/2021\/10\/Motos-taxis.jpg\" class=\"attachment-post-thumbnail size-post-thumbnail wp-post-image\" alt=\"\" srcset=\"https:\/\/linitiative.ca\/International\/wp-content\/uploads\/sites\/23\/2021\/10\/Motos-taxis.jpg 800w, https:\/\/www.journalducameroun.com\/wp-content\/uploads\/2020\/08\/Motos-taxis-300x173.jpg 300w, https:\/\/www.journalducameroun.com\/wp-content\/uploads\/2020\/08\/Motos-taxis-768x443.jpg 768w, https:\/\/www.journalducameroun.com\/wp-content\/uploads\/2020\/08\/Motos-taxis-764x440.jpg 764w, https:\/\/www.journalducameroun.com\/wp-content\/uploads\/2020\/08\/Motos-taxis-600x346.jpg 600w\" sizes=\"auto, (max-width: 800px) 100vw, 800px\"><\/p>\n<h5 id=\"m_-2317911132731248049yMail_cursorElementTracker_1634141463922\" style=\"text-align: justify;\">Prospecter le Cameroun pour des possibilit\u00e9s d\u2019investissement, c\u2019est la raison d\u2019\u00eatre de la d\u00e9l\u00e9gation d\u2019investisseurs Camerouno-japonais re\u00e7ue en audience par le ministre du Commerce\u00a0 le 11 octobre 2021 \u00e0 l\u2019immeuble rose \u00e0 Yaound\u00e9.<\/h5>\n<div id=\"m_-2317911132731248049yMail_cursorElementTracker_1634141464883\" style=\"text-align: justify;\"><\/div>\n<div style=\"text-align: justify;\"><\/div>\n<div style=\"text-align: justify;\"><\/div>\n<div style=\"text-align: justify;\"><\/div>\n<div><\/div>\n<div id=\"m_-2317911132731248049yMail_cursorElementTracker_1634141466235\" style=\"text-align: justify;\"><\/div>\n<div id=\"m_-2317911132731248049yMail_cursorElementTracker_1634141462987\" style=\"text-align: justify;\">Apr\u00e8s Duracelle, les Japonais entendent implanter une nouvelle entreprise en terre camerounaise dans le domaine des motocycles. Cette information \u00e9tait au centre des \u00e9changes entre la partie camerounaise et japonaise. Cette d\u00e9l\u00e9gation comprenait\u00a0 \u00a0de jeunes camerounais qui ont fourni\u00a0 des efforts pour l\u2019attrait\u00a0 de ces japonais des secteurs : du motocycle, de l\u2019automobile, de l\u2019a\u00e9ronautique, de l\u2019agriculture (montage\u00a0 de tracteurs et de moteurs, de d\u00e9fricheuses, des pompes \u00e0 eaux).<\/div>\n<div id=\"m_-2317911132731248049yMail_cursorElementTracker_1634141472126\" style=\"text-align: justify;\"><\/div>\n<div id=\"m_-2317911132731248049yMail_cursorElementTracker_1634141474901\" style=\"text-align: justify;\">Ils se proposent de nouer des partenariats gagnants-gagnants dans l\u2019optique d\u2019implanter dans quelques ann\u00e9es au Cameroun, une usine de semi-assemblage\u00a0 similaires\u00a0 \u00e0 celles implant\u00e9es au Nigeria et\u00a0 \u00a0au Kenya .Cette initiative\u00a0 rentre dans le cadre de la politique gouvernementale de promotion de l\u2019import-export d\u00e9finie par la Strat\u00e9gie nationale de d\u00e9veloppement (SND30) pour l\u2019industrialisation du Cameroun.<\/div>\n<div id=\"m_-2317911132731248049yMail_cursorElementTracker_1634141475701\" style=\"text-align: justify;\"><\/div>\n<div id=\"m_-2317911132731248049yMail_cursorElementTracker_1634141440498\" style=\"text-align: justify;\">Pour le ministre Luc Magloire Mbarga Atangana du Commerce, \u00ab <em>Il existe une politique sp\u00e9cifique\u00a0 de\u00a0 \u00a0lutte contre la prolif\u00e9ration des motocycles. Il y a beaucoup de contrefa\u00e7ons dans ce secteur pas ferm\u00e9 bien qu\u2019il faille avoir\u00a0 d\u2019agr\u00e9ment qui ne constitue pas un obstacle \u00e0 l\u2019installation<\/em> \u00bb. Terre d\u2019opportunit\u00e9s, le Cameroun recherche des investisseurs pour la fabrication des produits estampill\u00e9s afin de tirer avantage de la Zlecaf .<\/div>\n<div>\n<figure id=\"attachment_396373\" aria-describedby=\"caption-attachment-396373\" style=\"width: 720px\" class=\"wp-caption alignnone\"><img loading=\"lazy\" decoding=\"async\" class=\"size-full wp-image-396373\" src=\"https:\/\/linitiative.ca\/International\/wp-content\/uploads\/sites\/23\/2021\/10\/FB_IMG_1634066338514.jpg\" alt=\"\" width=\"720\" height=\"480\"><figcaption id=\"caption-attachment-396373\" class=\"wp-caption-text\">Le ministre du Commerce face aux investisseurs<\/figcaption><\/figure>\n<\/div>\n<div id=\"m_-2317911132731248049yMail_cursorElementTracker_1634141482522\" style=\"text-align: justify;\"><\/div>\n<div><\/div>\n<div id=\"m_-2317911132731248049yMail_cursorElementTracker_1634141482812\" style=\"text-align: justify;\">Elle vise la cr\u00e9ation d\u2019un march\u00e9 unique\u00a0 sans barri\u00e8re en Afrique. Pour accompagner les investisseurs en terre camerounaise, en plus de la loi de 2013, le Cameroun a ratifi\u00e9 toutes les conventions internationales en mati\u00e8re d\u2019arbitrage. Raison d\u2019affirmer\u00a0 que ce pays est un bon risque en mati\u00e8re d\u2019investissements.<\/div>\n<p>Cet article <a rel=\"nofollow\" href=\"https:\/\/www.journalducameroun.com\/cameroun-vers-la-mise-en-place-dune-usine-dassemblage-de-motocycles-cameroun\/\">Cameroun : vers la mise en place d\u2019une usine d\u2019assemblage de motocycles<\/a> est apparu en premier sur <a rel=\"nofollow\" href=\"https:\/\/www.journalducameroun.com\/\">Journal du Cameroun<\/a>.<\/p>\n<\/div>\n<p>Auteur: Christian DJIMADEU<br \/>\n<a href=\"https:\/\/www.journalducameroun.com\/cameroun-vers-la-mise-en-place-dune-usine-dassemblage-de-motocycles-cameroun\/\">Cliquez ici pour lire l&rsquo;article depuis sa source.<\/a><\/p>\n","protected":false},"excerpt":{"rendered":"<p>Prospecter le Cameroun pour des possibilit\u00e9s d\u2019investissement, c\u2019est la raison d\u2019\u00eatre de la d\u00e9l\u00e9gation d\u2019investisseurs Camerouno-japonais re\u00e7ue en audience par le ministre du Commerce\u00a0 le 11 octobre 2021 \u00e0 l\u2019immeuble rose \u00e0 Yaound\u00e9. Apr\u00e8s Duracelle, les Japonais entendent implanter une nouvelle entreprise en terre camerounaise dans le domaine des motocycles. Cette information \u00e9tait au centre [&hellip;]<\/p>\n","protected":false},"author":1965,"featured_media":0,"comment_status":"closed","ping_status":"closed","sticky":false,"template":"","format":"standard","meta":{"fifu_image_url":"https:\/\/www.journalducameroun.com\/wp-content\/uploads\/2020\/08\/Motos-taxis.jpg","fifu_image_alt":"Cameroun : vers la mise en place d\u2019une usine d\u2019assemblage de motocycles","footnotes":""},"categories":[73,82],"tags":[],"class_list":["post-129916","post","type-post","status-publish","format-standard","hentry","category-actualite","category-cameroun"],"_links":{"self":[{"href":"https:\/\/linitiative.ca\/International\/wp-json\/wp\/v2\/posts\/129916","targetHints":{"allow":["GET"]}}],"collection":[{"href":"https:\/\/linitiative.ca\/International\/wp-json\/wp\/v2\/posts"}],"about":[{"href":"https:\/\/linitiative.ca\/International\/wp-json\/wp\/v2\/types\/post"}],"author":[{"embeddable":true,"href":"https:\/\/linitiative.ca\/International\/wp-json\/wp\/v2\/users\/1965"}],"replies":[{"embeddable":true,"href":"https:\/\/linitiative.ca\/International\/wp-json\/wp\/v2\/comments?post=129916"}],"version-history":[{"count":0,"href":"https:\/\/linitiative.ca\/International\/wp-json\/wp\/v2\/posts\/129916\/revisions"}],"wp:attachment":[{"href":"https:\/\/linitiative.ca\/International\/wp-json\/wp\/v2\/media?parent=129916"}],"wp:term":[{"taxonomy":"category","embeddable":true,"href":"https:\/\/linitiative.ca\/International\/wp-json\/wp\/v2\/categories?post=129916"},{"taxonomy":"post_tag","embeddable":true,"href":"https:\/\/linitiative.ca\/International\/wp-json\/wp\/v2\/tags?post=129916"}],"curies":[{"name":"wp","href":"https:\/\/api.w.org\/{rel}","templated":true}]}}