{"id":129919,"date":"2021-10-13T13:18:01","date_gmt":"2021-10-13T17:18:01","guid":{"rendered":"https:\/\/linitiative.ca\/International\/ouverture-a-abidjan-de-la-3e-edition-des-journees-de-consensus-national\/"},"modified":"2021-10-13T13:18:01","modified_gmt":"2021-10-13T17:18:01","slug":"ouverture-a-abidjan-de-la-3e-edition-des-journees-de-consensus-national","status":"publish","type":"post","link":"https:\/\/linitiative.ca\/International\/ouverture-a-abidjan-de-la-3e-edition-des-journees-de-consensus-national\/","title":{"rendered":"Ouverture \u00e0 Abidjan de la 3e \u00e9dition des Journ\u00e9es de consensus national"},"content":{"rendered":"<div>\n<p><img loading=\"lazy\" decoding=\"async\" width=\"992\" height=\"744\" src=\"https:\/\/linitiative.ca\/International\/wp-content\/uploads\/sites\/23\/2021\/10\/16341454814126.jpg\" class=\"attachment-post-thumbnail size-post-thumbnail wp-post-image\" alt=\"\" srcset=\"https:\/\/linitiative.ca\/International\/wp-content\/uploads\/sites\/23\/2021\/10\/16341454814126.jpg 992w, https:\/\/www.journalducameroun.com\/wp-content\/uploads\/2021\/10\/16341454814126-300x225.jpg 300w, https:\/\/www.journalducameroun.com\/wp-content\/uploads\/2021\/10\/16341454814126-768x576.jpg 768w, https:\/\/www.journalducameroun.com\/wp-content\/uploads\/2021\/10\/16341454814126-587x440.jpg 587w, https:\/\/www.journalducameroun.com\/wp-content\/uploads\/2021\/10\/16341454814126-600x450.jpg 600w\" sizes=\"auto, (max-width: 992px) 100vw, 992px\"><\/p>\n<p>La 3e \u00e9dition des Journ\u00e9es de consensus national (JCN), organis\u00e9e par la Convention de la soci\u00e9t\u00e9 civile ivoirien (CSCI), s&rsquo;est ouverte mardi \u00e0 Abidjan dans l&rsquo;optique d&rsquo;une approche inclusive pour une r\u00e9conciliation nationale vraie en C\u00f4te d&rsquo;Ivoire.<\/p>\n<p>\u00ab\u00a0Il s&rsquo;agit pour la soci\u00e9t\u00e9 civile de fa\u00e7on g\u00e9n\u00e9rale et la CSCI en particulier de contribuer au processus de r\u00e9conciliation et la coh\u00e9sion sociale\u00a0\u00bb, a d\u00e9clar\u00e9 le coordonnateur national de la CSCI, M. Mahamadou Kouma.<\/p>\n<p>Selon lui, ce qui justifie ces journ\u00e9es de consensus national est le fait que qu&rsquo;aucun d\u00e9veloppement n&rsquo;est possible s&rsquo;il n&rsquo;y a pas de paix, un pr\u00e9alable \u00e0 tout d\u00e9veloppement durable.\u00a0<\/p>\n<p>Pour M. Mahamadou Kouma, \u00ab\u00a0le vivre ensemble est fondamental\u00a0\u00bb. En vue de mener des r\u00e9flexions inclusives, les leaders des diff\u00e9rentes forces vives de la nation ont \u00e9t\u00e9 associ\u00e9s \u00e0 un directoire, organe charg\u00e9 de conduire ces assises qui se tiennent du 12 au 15 octobre 2021. \u00a0<\/p>\n<p>Participant \u00e0 ces assises, M. Mathieu Arra, pr\u00e9sident du Mouvement des actions citoyennes pour la r\u00e9conciliation et l\u00e0 coh\u00e9sion sociale en C\u00f4te d&rsquo;Ivoire, a relev\u00e9 que cette plateforme vise \u00e0 asseoir des dispositions pour que les Ivoiriens se \u00ab\u00a0parlent franchement\u00a0\u00bb pour une paix durable. \u00a0<\/p>\n<p>Cela participe en outre au processus de r\u00e9conciliation, a fait observer le pr\u00e9sident du Mouvement des actions citoyennes pour la r\u00e9conciliation nationale et l\u00e0 coh\u00e9sion sociale en C\u00f4te d&rsquo;Ivoire, M. Mathieu Dat\u00e9. \u00a0\u00a0<\/p>\n<p>Mme Aim\u00e9e Zebeyoux, conseiller du pr\u00e9sident de la R\u00e9publique, charg\u00e9e des droits de l&rsquo;Homme, s&rsquo;est f\u00e9licit\u00e9e de ce que ces journ\u00e9es viennent pour \u00ab\u00a0ressortir les maux et les \u00e9l\u00e9ments pour \u00e9viter qu&rsquo;il y ait des conflits\u00a0\u00bb et des fractures sociales.\u00a0<\/p>\n<p>Cette troisi\u00e8me \u00e9dition rassemble les composantes essentielles de la soci\u00e9t\u00e9 civile, dont les leaders forment un directoire, organe supr\u00eame des Journ\u00e9es de consensus national, charg\u00e9 de synth\u00e9tiser les diff\u00e9rentes r\u00e9flexions.\u00a0<\/p>\n<p>Cet article <a rel=\"nofollow\" href=\"https:\/\/www.journalducameroun.com\/ouverture-a-abidjan-de-la-3e-edition-des-journees-de-consensus-national\/\">Ouverture \u00e0 Abidjan de la 3e \u00e9dition des Journ\u00e9es de consensus national<\/a> est apparu en premier sur <a rel=\"nofollow\" href=\"https:\/\/www.journalducameroun.com\/\">Journal du Cameroun<\/a>.<\/p>\n<\/div>\n<p>Auteur: APA News<br \/>\n<a href=\"https:\/\/www.journalducameroun.com\/ouverture-a-abidjan-de-la-3e-edition-des-journees-de-consensus-national\/\">Cliquez ici pour lire l&rsquo;article depuis sa source.<\/a><\/p>\n","protected":false},"excerpt":{"rendered":"<p>La 3e \u00e9dition des Journ\u00e9es de consensus national (JCN), organis\u00e9e par la Convention de la soci\u00e9t\u00e9 civile ivoirien (CSCI), s&rsquo;est ouverte mardi \u00e0 Abidjan dans l&rsquo;optique d&rsquo;une approche inclusive pour une r\u00e9conciliation nationale vraie en C\u00f4te d&rsquo;Ivoire. \u00ab\u00a0Il s&rsquo;agit pour la soci\u00e9t\u00e9 civile de fa\u00e7on g\u00e9n\u00e9rale et la CSCI en particulier de contribuer au processus [&hellip;]<\/p>\n","protected":false},"author":1965,"featured_media":0,"comment_status":"closed","ping_status":"closed","sticky":false,"template":"","format":"standard","meta":{"fifu_image_url":"https:\/\/www.journalducameroun.com\/wp-content\/uploads\/2021\/10\/16341454814126.jpg","fifu_image_alt":"Ouverture \u00e0 Abidjan de la 3e \u00e9dition des Journ\u00e9es de consensus national","footnotes":""},"categories":[73,82],"tags":[],"class_list":["post-129919","post","type-post","status-publish","format-standard","hentry","category-actualite","category-cameroun"],"_links":{"self":[{"href":"https:\/\/linitiative.ca\/International\/wp-json\/wp\/v2\/posts\/129919","targetHints":{"allow":["GET"]}}],"collection":[{"href":"https:\/\/linitiative.ca\/International\/wp-json\/wp\/v2\/posts"}],"about":[{"href":"https:\/\/linitiative.ca\/International\/wp-json\/wp\/v2\/types\/post"}],"author":[{"embeddable":true,"href":"https:\/\/linitiative.ca\/International\/wp-json\/wp\/v2\/users\/1965"}],"replies":[{"embeddable":true,"href":"https:\/\/linitiative.ca\/International\/wp-json\/wp\/v2\/comments?post=129919"}],"version-history":[{"count":0,"href":"https:\/\/linitiative.ca\/International\/wp-json\/wp\/v2\/posts\/129919\/revisions"}],"wp:attachment":[{"href":"https:\/\/linitiative.ca\/International\/wp-json\/wp\/v2\/media?parent=129919"}],"wp:term":[{"taxonomy":"category","embeddable":true,"href":"https:\/\/linitiative.ca\/International\/wp-json\/wp\/v2\/categories?post=129919"},{"taxonomy":"post_tag","embeddable":true,"href":"https:\/\/linitiative.ca\/International\/wp-json\/wp\/v2\/tags?post=129919"}],"curies":[{"name":"wp","href":"https:\/\/api.w.org\/{rel}","templated":true}]}}