{"id":129923,"date":"2021-10-13T11:51:30","date_gmt":"2021-10-13T15:51:30","guid":{"rendered":"https:\/\/linitiative.ca\/International\/le-conseil-economique-et-social-veut-sortir-de-sa-lethargie\/"},"modified":"2021-10-13T11:51:30","modified_gmt":"2021-10-13T15:51:30","slug":"le-conseil-economique-et-social-veut-sortir-de-sa-lethargie","status":"publish","type":"post","link":"https:\/\/linitiative.ca\/International\/le-conseil-economique-et-social-veut-sortir-de-sa-lethargie\/","title":{"rendered":"Le Conseil \u00e9conomique et social veut sortir de sa l\u00e9thargie"},"content":{"rendered":"<div>\n<p>Cr\u00e9\u00e9 par l\u2019article 54 de la Constitution de 1972, le Conseil \u00e9conomique et social (CES), qui a \u00e9t\u00e9 au c\u0153ur de l\u2019\u00e9laboration des politiques \u00e9conomiques du Cameroun \u00e0 ses d\u00e9buts, est depuis plus de 30 ans l\u2019institution la moins connue des Camerounais. Nostalgique, la g\u00e9n\u00e9ration 1970 se souvient que c\u2019est cet organisme qui a con\u00e7u les fameux plans quinquennaux qui \u00e9tait le principal instrument de planification de l\u2019Etat du Cameroun, supprim\u00e9s du fait de la crise \u00e9conomique du d\u00e9but des ann\u00e9es 1980. Son pr\u00e9sident, Ayang Luc, est en poste depuis 1984 et l\u2019institution a \u00e9t\u00e9 depuis tout ce temps le parfait reflet de sa personnalit\u00e9 : une grande muette. Mais l\u2019ancien Premier ministre (ao\u00fbt 1983-janvier 1984) pense d\u00e9j\u00e0 \u00e0 un changement de logiciel. C\u2019est du moins ce que laisse entrevoir les \u00e9changes informels avec m\u00e9dias, que vient de lancer le secr\u00e9taire g\u00e9n\u00e9ral du CES, Zacharie Ngoumbe, en pr\u00e9lude \u00e0 l\u2019inauguration du nouvel immeuble si\u00e8ge de cet organisme, un chef-d\u2019\u0153uvre architectural qui est sorti progressivement de terre au nouveau quartier administratif de Yaound\u00e9, depuis une dizaine d\u2019ann\u00e9es.<\/p>\n<p><strong>Lire aussi <\/strong>: <strong><a href=\"https:\/\/ecomatin.net\/inertie-le-top-10-des-administrations-publiques-presentant-un-taux-de-signature-des-marches-nuls\/\">Inertie\u00a0: le top 10 des administrations publiques pr\u00e9sentant un taux de signature des march\u00e9s nuls<\/a><\/strong><\/p>\n<p>Ce nouveau si\u00e8ge est un complexe administratif ultramoderne b\u00e2ti sur 3,8 hectares d\u00e9compos\u00e9 en trois grands blocs : un h\u00e9micycle qui est le c\u0153ur du complexe, une tour de 9 niveaux en surface et 2 en profondeur, et une salle de banquets en coupole d\u2019environ 800 places. Si Zacharie Ngoumbe n\u2019ose pas se prononcer sur le co\u00fbt de cet investissement pour une organisation jug\u00e9e inutile par beaucoup, en installant son pr\u00e9d\u00e9cesseur au secr\u00e9tariat g\u00e9n\u00e9ral du Ces, en d\u00e9cembre 2016, Emmanuel Wonyu, le vice-pr\u00e9sident de cette institution, Emmanuel Nzete avait laiss\u00e9 entendre que les travaux qui \u00e9taient en phase de finition \u00e0 l\u2019\u00e9poque \u00e9taient de 44 milliards Fcfa, enti\u00e8rement financ\u00e9s par le tr\u00e9sor public. De sources autoris\u00e9es, le Conseil \u00e9conomique et social veut se repositionner comme la cheville ouvri\u00e8re du d\u00e9veloppement du Cameroun.<\/p>\n<p><strong>Lire aussi<\/strong> : <strong><a href=\"https:\/\/ecomatin.net\/prospectives-economiques-le-ministre-des-finances-ausculte-lannee-2021\/\">Prospectives \u00e9conomiques : le ministre des Finances ausculte l\u2019ann\u00e9e 2021<\/a><\/strong><\/p>\n<p>Pour m\u00e9moire, le Conseil \u00e9conomique et social constitue aupr\u00e8s des pouvoirs publics, une assembl\u00e9e consultative qui assure la repr\u00e9sentation des principales activit\u00e9s \u00e9conomiques et sociales, favorise la collaboration des diff\u00e9rentes cat\u00e9gories professionnelles entre elles et contribue \u00e0 l\u2019\u00e9laboration de la politique \u00e9conomique et sociale du gouvernement. Plus prosa\u00efque, c\u2019est une structure qui recense les besoins des populations pour les transmettre directement au gouvernement qui, sur la base de ces renseignements, b\u00e2tit des plans de d\u00e9veloppement adapt\u00e9s aux desiderata des populations. Par ailleurs, le Ces donne son avis sur des projets de lois, d\u2019ordonnance ou de d\u00e9cret, ainsi que des propositions de lois.<\/p>\n<p><strong>Jean Omer Eyango<\/strong><\/p>\n<p>L\u2019article <a rel=\"nofollow\" href=\"https:\/\/ecomatin.net\/le-conseil-economique-et-social-veut-sortir-r-de-sa-lethargie\/\">Le Conseil \u00e9conomique et social veut sortir de sa l\u00e9thargie<\/a> est apparu en premier sur <a rel=\"nofollow\" href=\"https:\/\/ecomatin.net\/\">EcoMatin<\/a>.<\/p>\n<\/div>\n<p>Auteur: EcoMatin<br \/>\n<a href=\"https:\/\/ecomatin.net\/le-conseil-economique-et-social-veut-sortir-r-de-sa-lethargie\/\">Cliquez ici pour lire l&rsquo;article depuis sa source.<\/a><\/p>\n","protected":false},"excerpt":{"rendered":"<p>Cr\u00e9\u00e9 par l\u2019article 54 de la Constitution de 1972, le Conseil \u00e9conomique et social (CES), qui a \u00e9t\u00e9 au c\u0153ur de l\u2019\u00e9laboration des politiques \u00e9conomiques du Cameroun \u00e0 ses d\u00e9buts, est depuis plus de 30 ans l\u2019institution la moins connue des Camerounais. Nostalgique, la g\u00e9n\u00e9ration 1970 se souvient que c\u2019est cet organisme qui a con\u00e7u [&hellip;]<\/p>\n","protected":false},"author":1969,"featured_media":0,"comment_status":"closed","ping_status":"closed","sticky":false,"template":"","format":"standard","meta":{"fifu_image_url":"","fifu_image_alt":"","footnotes":""},"categories":[82,78],"tags":[],"class_list":["post-129923","post","type-post","status-publish","format-standard","hentry","category-cameroun","category-economie"],"_links":{"self":[{"href":"https:\/\/linitiative.ca\/International\/wp-json\/wp\/v2\/posts\/129923","targetHints":{"allow":["GET"]}}],"collection":[{"href":"https:\/\/linitiative.ca\/International\/wp-json\/wp\/v2\/posts"}],"about":[{"href":"https:\/\/linitiative.ca\/International\/wp-json\/wp\/v2\/types\/post"}],"author":[{"embeddable":true,"href":"https:\/\/linitiative.ca\/International\/wp-json\/wp\/v2\/users\/1969"}],"replies":[{"embeddable":true,"href":"https:\/\/linitiative.ca\/International\/wp-json\/wp\/v2\/comments?post=129923"}],"version-history":[{"count":0,"href":"https:\/\/linitiative.ca\/International\/wp-json\/wp\/v2\/posts\/129923\/revisions"}],"wp:attachment":[{"href":"https:\/\/linitiative.ca\/International\/wp-json\/wp\/v2\/media?parent=129923"}],"wp:term":[{"taxonomy":"category","embeddable":true,"href":"https:\/\/linitiative.ca\/International\/wp-json\/wp\/v2\/categories?post=129923"},{"taxonomy":"post_tag","embeddable":true,"href":"https:\/\/linitiative.ca\/International\/wp-json\/wp\/v2\/tags?post=129923"}],"curies":[{"name":"wp","href":"https:\/\/api.w.org\/{rel}","templated":true}]}}