{"id":129925,"date":"2021-10-13T13:55:02","date_gmt":"2021-10-13T17:55:02","guid":{"rendered":"https:\/\/linitiative.ca\/International\/le-complexe-chimique-camerounais-cede-son-enseigne-commercial-en-location-gerance-au-chinois-china-mall\/"},"modified":"2021-10-13T13:55:02","modified_gmt":"2021-10-13T17:55:02","slug":"le-complexe-chimique-camerounais-cede-son-enseigne-commercial-en-location-gerance-au-chinois-china-mall","status":"publish","type":"post","link":"https:\/\/linitiative.ca\/International\/le-complexe-chimique-camerounais-cede-son-enseigne-commercial-en-location-gerance-au-chinois-china-mall\/","title":{"rendered":"Le Complexe chimique camerounais c\u00e8de son enseigne commercial en \u00ab location-g\u00e9rance \u00bb au chinois China Mall"},"content":{"rendered":"<div>\n<p>Le site abritant le Complexe Chimique Camerounais (CCC), au quartier Ndokoti-Bassa \u00e0 Douala, abritera d\u00e9sormais une enseigne chinoise d\u00e9nomm\u00e9e \u00ab\u00a0China Mall\u00a0\u00bb. D\u2019ailleurs, la fa\u00e7ade principale du CCC porte depuis quelques jours l\u2019inscription de \u00a0cet espace commercial de grande distribution. De sources proches, la transaction entre Mohamadou Bayero Fadil, le Pr\u00e9sident directeur g\u00e9n\u00e9ral du Groupe Fadil, et des investisseurs chinois, a finalement \u00e9t\u00e9 concluante. D\u2019apr\u00e8s les m\u00eames sources, le CCC a \u00e9t\u00e9 c\u00e9d\u00e9 en \u00ablocation-g\u00e9rance\u00bb. Le lexique juridique indique de cette op\u00e9ration qu\u2019il s\u2019agit d\u2019un contrat par lequel l\u2019exploitant d\u2019un fonds de commerce conc\u00e8de \u00e0 un commer\u00e7ant dit \u00ab\u00a0le g\u00e9rant\u00a0\u00bb le droit d\u2019administrer son fonds. Si le \u00ab China Mall \u00bb viendra enrichir l\u2019offre de la grande distribution par son achalandage diversifi\u00e9, le myst\u00e8re reste entier sur les contours de la location-g\u00e9rance entre les deux entit\u00e9s, le montant de l\u2019investissement, la dur\u00e9e des travaux, ou l\u2019identit\u00e9 du partenaire investisseur. Seule certitude, le d\u00e9mant\u00e8lement partiel des infrastructures du CCC ont effectivement d\u00e9marr\u00e9.<\/p>\n<p><strong>Lire aussi<\/strong> : <strong><a href=\"https:\/\/ecomatin.net\/savonnerie-fausse-opa-de-dangote-sur-la-ccc\/\">Savonnerie\u00a0: fausse OPA de Dangote sur la Ccc<\/a><\/strong><\/p>\n<p>En 2016, au plus fort de sa restructuration, le Complexe Chimique Camerounais avait d\u00e9j\u00e0 fait l\u2019objet d\u2019une folle rumeur relative \u00e0 une offre publique d\u2019achat lanc\u00e9e par l\u2019homme d\u2019affaires nig\u00e9rian Aliko Dangote. Information par la suite d\u00e9mentie. Toutefois, le CCC \u00e9tait confront\u00e9 \u00e0 de s\u00e9rieuses difficult\u00e9s financi\u00e8res, et croulait par ailleurs sous une dette de 5,5 milliards de FCFA. A raison de 1,362 milliards de F due \u00e0 la Commercial Bank of Cameroon (CBC), 474 millions de FCFA \u00e0 la Caisse nationale de pr\u00e9voyance sociale (Cnps), 588 millions de FCFA \u00e0 l\u2019ex- Banque M\u00e9ridien Biao Cameroun (Bmbc), ou 378 millions de FCFA \u00e0 la Bicec (Banque internationale pour le commerce, l\u2019\u00e9pargne et le cr\u00e9dit). Dette totalement pay\u00e9e. Le Groupe MBF Fadil Holding annon\u00e7ait par ailleurs une r\u00e9invention de ses activit\u00e9s vers la fabrication des produits cosm\u00e9tiques et du savon liquide, apr\u00e8s une r\u00e9novation de son outil de production, et une adaptation aux nouvelles exigences technologiques et environnementales.<\/p>\n<p><strong>Lire aussi<\/strong> : <strong><a href=\"https:\/\/ecomatin.net\/les-35-entreprises-qui-font-le-marche-de-la-cemac\/\">Les 35 entreprises qui font le march\u00e9 de la Cemac<\/a><\/strong><\/p>\n<p>Malgr\u00e9 ces grandes annonces, MBF Fadil Holding n\u2019aura visiblement pas r\u00e9sist\u00e9 \u00e0 la tentation de nouer un partenariat avec d\u2019autres investisseurs, et dans une activit\u00e9 diff\u00e9rente. Le projet chinois, apprend-on, emploiera directement 200 personnes \u00e0 temps plein. La construction du China Mall dans la ville de Douala intervient pr\u00e8s d\u2019un an apr\u00e8s l\u2019inauguration du Douala Grand Mall, plus grand complexe commercial du Cameroun et d\u2019Afrique centrale. Le China Mall sera situ\u00e9 \u00e0 Ndokoti-Bassa, l\u2019une des deux grandes zones\u00a0 industrielles de la capitale \u00e9conomique.<\/p>\n<p>L\u2019article <a rel=\"nofollow\" href=\"https:\/\/ecomatin.net\/le-complexe-chimique-camerounais-cede-son-n-enseigne-commercial-en-location-gerance-au-chinois-china-mall\/\">Le Complexe chimique camerounais c\u00e8de son enseigne commercial en \u00ab location-g\u00e9rance \u00bb au chinois China Mall<\/a> est apparu en premier sur <a rel=\"nofollow\" href=\"https:\/\/ecomatin.net\/\">EcoMatin<\/a>.<\/p>\n<\/div>\n<p>Auteur: Georges Semey<br \/>\n<a href=\"https:\/\/ecomatin.net\/le-complexe-chimique-camerounais-cede-son-n-enseigne-commercial-en-location-gerance-au-chinois-china-mall\/\">Cliquez ici pour lire l&rsquo;article depuis sa source.<\/a><\/p>\n","protected":false},"excerpt":{"rendered":"<p>Le site abritant le Complexe Chimique Camerounais (CCC), au quartier Ndokoti-Bassa \u00e0 Douala, abritera d\u00e9sormais une enseigne chinoise d\u00e9nomm\u00e9e \u00ab\u00a0China Mall\u00a0\u00bb. D\u2019ailleurs, la fa\u00e7ade principale du CCC porte depuis quelques jours l\u2019inscription de \u00a0cet espace commercial de grande distribution. De sources proches, la transaction entre Mohamadou Bayero Fadil, le Pr\u00e9sident directeur g\u00e9n\u00e9ral du Groupe Fadil, [&hellip;]<\/p>\n","protected":false},"author":1969,"featured_media":0,"comment_status":"closed","ping_status":"closed","sticky":false,"template":"","format":"standard","meta":{"fifu_image_url":"","fifu_image_alt":"","footnotes":""},"categories":[82,78],"tags":[],"class_list":["post-129925","post","type-post","status-publish","format-standard","hentry","category-cameroun","category-economie"],"_links":{"self":[{"href":"https:\/\/linitiative.ca\/International\/wp-json\/wp\/v2\/posts\/129925","targetHints":{"allow":["GET"]}}],"collection":[{"href":"https:\/\/linitiative.ca\/International\/wp-json\/wp\/v2\/posts"}],"about":[{"href":"https:\/\/linitiative.ca\/International\/wp-json\/wp\/v2\/types\/post"}],"author":[{"embeddable":true,"href":"https:\/\/linitiative.ca\/International\/wp-json\/wp\/v2\/users\/1969"}],"replies":[{"embeddable":true,"href":"https:\/\/linitiative.ca\/International\/wp-json\/wp\/v2\/comments?post=129925"}],"version-history":[{"count":0,"href":"https:\/\/linitiative.ca\/International\/wp-json\/wp\/v2\/posts\/129925\/revisions"}],"wp:attachment":[{"href":"https:\/\/linitiative.ca\/International\/wp-json\/wp\/v2\/media?parent=129925"}],"wp:term":[{"taxonomy":"category","embeddable":true,"href":"https:\/\/linitiative.ca\/International\/wp-json\/wp\/v2\/categories?post=129925"},{"taxonomy":"post_tag","embeddable":true,"href":"https:\/\/linitiative.ca\/International\/wp-json\/wp\/v2\/tags?post=129925"}],"curies":[{"name":"wp","href":"https:\/\/api.w.org\/{rel}","templated":true}]}}