{"id":129932,"date":"2021-10-14T10:00:51","date_gmt":"2021-10-14T14:00:51","guid":{"rendered":"https:\/\/linitiative.ca\/International\/nouveau-programme-gouvernemental-voici-les-mesures-prevues-pour-la-culture\/"},"modified":"2021-10-14T10:00:51","modified_gmt":"2021-10-14T14:00:51","slug":"nouveau-programme-gouvernemental-voici-les-mesures-prevues-pour-la-culture","status":"publish","type":"post","link":"https:\/\/linitiative.ca\/International\/nouveau-programme-gouvernemental-voici-les-mesures-prevues-pour-la-culture\/","title":{"rendered":"Nouveau programme gouvernemental :  Voici les mesures pr\u00e9vues pour la culture"},"content":{"rendered":"<div>\n<p><img decoding=\"async\" width=\"300\" height=\"153\" src=\"https:\/\/linitiative.ca\/International\/wp-content\/uploads\/sites\/23\/2021\/10\/Stimulation-de-linvestissement-dans-le-secteur-amelioration-de-la-situation-materielle-des-artistes-creation-dun-musee-dedie-a-la-memoire-des-arts-plastiquesE280A6-300x153-1.jpg\" class=\"attachment-medium size-medium wp-post-image\" alt=\"\" loading=\"lazy\" srcset=\"https:\/\/linitiative.ca\/International\/wp-content\/uploads\/sites\/23\/2021\/10\/Stimulation-de-linvestissement-dans-le-secteur-amelioration-de-la-situation-materielle-des-artistes-creation-dun-musee-dedie-a-la-memoire-des-arts-plastiquesE280A6-300x153-1.jpg 300w, https:\/\/aujourdhui.ma\/wp-content\/uploads\/2021\/10\/Stimulation-de-linvestissement-dans-le-secteur-amelioration-de-la-situation-materielle-des-artistes-creation-dun-musee-dedie-a-la-memoire-des-arts-plastiques\u2026-274x140.jpg 274w, https:\/\/aujourdhui.ma\/wp-content\/uploads\/2021\/10\/Stimulation-de-linvestissement-dans-le-secteur-amelioration-de-la-situation-materielle-des-artistes-creation-dun-musee-dedie-a-la-memoire-des-arts-plastiques\u2026.jpg 746w, https:\/\/aujourdhui.ma\/wp-content\/uploads\/2021\/10\/Stimulation-de-linvestissement-dans-le-secteur-amelioration-de-la-situation-materielle-des-artistes-creation-dun-musee-dedie-a-la-memoire-des-arts-plastiques\u2026-165x84.jpg 165w, https:\/\/aujourdhui.ma\/wp-content\/uploads\/2021\/10\/Stimulation-de-linvestissement-dans-le-secteur-amelioration-de-la-situation-materielle-des-artistes-creation-dun-musee-dedie-a-la-memoire-des-arts-plastiques\u2026-702x358.jpg 702w\" sizes=\"auto, (max-width: 300px) 100vw, 300px\"><\/p>\n<p><span style=\"color: #800000;\"><strong>Stimulation de l\u2019investissement dans le secteur, am\u00e9lioration de la situation mat\u00e9rielle des artistes, cr\u00e9ation d\u2019un mus\u00e9e d\u00e9di\u00e9 \u00e0 la m\u00e9moire des arts plastiques\u2026<\/strong><\/span><span id=\"more-388994\"><\/span><\/p>\n<p>Le nouveau programme gouvernemental (2021-2026) accorde une place particuli\u00e8re au secteur culturel. En d\u00e9tail, l\u2019Ex\u00e9cutif ouvrera \u00e0 d\u00e9velopper en premier lieu une politique culturelle int\u00e9gr\u00e9e visant \u00e0 pr\u00e9server l\u2019identit\u00e9 culturelle nationale et favoriser l\u2019attachement aux valeurs de la patrie et de la nation, en s\u2019ouvrant sur les expressions artistiques modernes et en faisant de la culture un levier de d\u00e9veloppement r\u00e9gional et d\u2019insertion des jeunes en particulier.<\/p>\n<p><span style=\"color: #ff0000;\"><strong>Cr\u00e9ation de projets structurants, encouragement de la production culturelle\u2026<\/strong><\/span><br \/>\nLe gouvernement mettra l\u2019accent sur la cr\u00e9ation de grands projets structurant le secteur culturel et le rapprochement des services et des espaces culturels du citoyen marocain dans les diff\u00e9rentes r\u00e9gions du Royaume, tout en encourageant la production culturelle nationale dans la perspective de la consolidation des valeurs du multilinguisme et de la cr\u00e9ativit\u00e9. Il ressort du programme gouvernemental que la culture est un pari strat\u00e9gique qui concerne le savoir et l\u2019\u00e9dification identitaire de la communaut\u00e9 dans son unit\u00e9 et sa diversit\u00e9 dans son pr\u00e9sent et son avenir. Dans ce sens, le soutien de l\u2019\u00c9tat est un facteur vital et motivant pour la pr\u00e9servation et le d\u00e9veloppement du tissu cr\u00e9atif national, de m\u00eame qu\u2019il s\u2019agit d\u2019une condition favorisant la cr\u00e9ativit\u00e9 en termes de mobilit\u00e9 et de comp\u00e9titivit\u00e9 culturelles.<br \/>\nDans ce sens, le gouvernement se penchera sur une s\u00e9rie de mesures et de proc\u00e9dures. Il accordera son int\u00e9r\u00eat pour l\u2019industrie culturelle, la stimulation de l\u2019investissement dans le secteur culturel. Cela \u00e0 travers l\u2019octroi des facilit\u00e9s n\u00e9cessaires, l\u2019am\u00e9lioration de la situation mat\u00e9rielle des intellectuels, cr\u00e9ateurs et artistes, la cr\u00e9ation d\u2019un mus\u00e9e national pour pr\u00e9server la m\u00e9moire des arts plastiques, le soutien au capital culturel et pour la valorisation de la richesse et la diversit\u00e9, tout en b\u00e9n\u00e9ficiant des processus d\u2019\u00e9valuation appropri\u00e9s.<\/p>\n<p><span style=\"color: #ff0000;\"><strong>Augmentation des financements publics, mise en place d\u2019agences de soutien\u2026<\/strong><\/span><br \/>\nLe gouvernement travaillera pour l\u2019augmentation des financements publics, la mise en place d\u2019agences de soutien, le renforcement des infrastructures, de m\u00eame qu\u2019il s\u2019attellera \u00e0 la r\u00e9alisation de l\u2019\u00e9galit\u00e9 des chances pour tous les artistes marocains \u00e0 la t\u00e9l\u00e9vision et au cin\u00e9ma, \u00e0 l\u2019int\u00e9gration du capital culturel dans les institutions \u00e9ducatives telles que les \u00e9coles, les m\u00e9dias et les lieux de vie, ainsi qu\u2019\u00e0 la documentation et la valorisation de la cr\u00e9ativit\u00e9 marocaine.<br \/>\nLe reste des mesures et proc\u00e9dures concerne la coordination r\u00e9gionale et nationale pour l\u2019investissement dans le patrimoine dans ses diff\u00e9rentes expressions pour en faire un capital viable, la cr\u00e9ation de formations dans le domaine de la gestion culturelle, la revitalisation des espaces culturels et la coordination entre les institutions de formation en la mati\u00e8re. Il s\u2019agit \u00e9galement d\u2019encourager le public \u00e0 pr\u00eater attention \u00e0 l\u2019art en \u00e9largissant les champs de la cr\u00e9ativit\u00e9 dans les universit\u00e9s et de promouvoir les arts et la litt\u00e9rature orale en leur offrant toutes les chances de continuit\u00e9, de d\u00e9veloppement et de diffusion.<\/p>\n<p><span style=\"color: #ff0000;\"><strong>Cr\u00e9ation d\u2019un \u00abpasseport jeunes\u00bb pour faciliter la mobilit\u00e9 <\/strong><\/span><br \/>\nLe gouvernement \u0153uvrera \u00e9galement \u00e0 la prise en charge des jeunes dans le cadre d\u2019un programme global et int\u00e9gr\u00e9 \u00e0 travers la cr\u00e9ation d\u2019un \u00abpasseport jeunes\u00bb. Ceci a pour but de faciliter l\u2019int\u00e9gration, la mobilit\u00e9 et l\u2019\u00e9mancipation culturelle de cette cat\u00e9gorie. Il s\u2019agit d\u2019une initiative qui b\u00e9n\u00e9ficiera \u00e0 tous les Marocains \u00e2g\u00e9s de 16 \u00e0 30 ans, quels que soient leurs revenus ou leur lieu de r\u00e9sidence. Ce passeport, selon le programme gouvernemental, sera sous forme d\u2019une carte num\u00e9rique qui servira \u00e0 l\u2019obtention de r\u00e9ductions sur les services fournis aux jeunes (sport, culture, divertissement) au niveau des collectivit\u00e9s locales et des institutions culturelles et de divertissement. Le gouvernement impliquera \u00e9galement les groupes et les partenaires \u00e9conomiques afin d\u2019enrichir et de diversifier l\u2019offre de services offerts dans la dur\u00e9e, tout en incitant les institutions publiques, comme les mus\u00e9es, les salles d\u2019exposition, les biblioth\u00e8ques et les piscines, \u00e0 accorder des remises sp\u00e9cifiques \u00e0 tous les jeunes.<\/p>\n<\/div>\n<p>Auteur: Siham Jadraoui<br \/>\n<a href=\"https:\/\/aujourdhui.ma\/culture\/nouveau-programme-gouvernemental-voici-les-mesures-prevues-pour-la-culture\">Cliquez ici pour lire l&rsquo;article depuis sa source.<\/a><\/p>\n","protected":false},"excerpt":{"rendered":"<p>Stimulation de l\u2019investissement dans le secteur, am\u00e9lioration de la situation mat\u00e9rielle des artistes, cr\u00e9ation d\u2019un mus\u00e9e d\u00e9di\u00e9 \u00e0 la m\u00e9moire des arts plastiques\u2026 Le nouveau programme gouvernemental (2021-2026) accorde une place particuli\u00e8re au secteur culturel. En d\u00e9tail, l\u2019Ex\u00e9cutif ouvrera \u00e0 d\u00e9velopper en premier lieu une politique culturelle int\u00e9gr\u00e9e visant \u00e0 pr\u00e9server l\u2019identit\u00e9 culturelle nationale et [&hellip;]<\/p>\n","protected":false},"author":1759,"featured_media":0,"comment_status":"closed","ping_status":"closed","sticky":false,"template":"","format":"standard","meta":{"fifu_image_url":"https:\/\/aujourdhui.ma\/wp-content\/uploads\/2021\/10\/Stimulation-de-linvestissement-dans-le-secteur-amelioration-de-la-situation-materielle-des-artistes-creation-dun-musee-dedie-a-la-memoire-des-arts-plastiques\u2026-300x153.jpg","fifu_image_alt":"Nouveau programme gouvernemental :  Voici les mesures pr\u00e9vues pour la culture","footnotes":""},"categories":[73,54],"tags":[],"class_list":["post-129932","post","type-post","status-publish","format-standard","hentry","category-actualite","category-maroc"],"_links":{"self":[{"href":"https:\/\/linitiative.ca\/International\/wp-json\/wp\/v2\/posts\/129932","targetHints":{"allow":["GET"]}}],"collection":[{"href":"https:\/\/linitiative.ca\/International\/wp-json\/wp\/v2\/posts"}],"about":[{"href":"https:\/\/linitiative.ca\/International\/wp-json\/wp\/v2\/types\/post"}],"author":[{"embeddable":true,"href":"https:\/\/linitiative.ca\/International\/wp-json\/wp\/v2\/users\/1759"}],"replies":[{"embeddable":true,"href":"https:\/\/linitiative.ca\/International\/wp-json\/wp\/v2\/comments?post=129932"}],"version-history":[{"count":0,"href":"https:\/\/linitiative.ca\/International\/wp-json\/wp\/v2\/posts\/129932\/revisions"}],"wp:attachment":[{"href":"https:\/\/linitiative.ca\/International\/wp-json\/wp\/v2\/media?parent=129932"}],"wp:term":[{"taxonomy":"category","embeddable":true,"href":"https:\/\/linitiative.ca\/International\/wp-json\/wp\/v2\/categories?post=129932"},{"taxonomy":"post_tag","embeddable":true,"href":"https:\/\/linitiative.ca\/International\/wp-json\/wp\/v2\/tags?post=129932"}],"curies":[{"name":"wp","href":"https:\/\/api.w.org\/{rel}","templated":true}]}}