{"id":129934,"date":"2021-10-14T11:31:20","date_gmt":"2021-10-14T15:31:20","guid":{"rendered":"https:\/\/linitiative.ca\/International\/covid-19-maroc-la-situation-epidemiologique-au-14octobre-2021-a-16h00\/"},"modified":"2021-10-14T11:31:20","modified_gmt":"2021-10-14T15:31:20","slug":"covid-19-maroc-la-situation-epidemiologique-au-14octobre-2021-a-16h00","status":"publish","type":"post","link":"https:\/\/linitiative.ca\/International\/covid-19-maroc-la-situation-epidemiologique-au-14octobre-2021-a-16h00\/","title":{"rendered":"Covid-19 \/ Maroc : La situation \u00e9pid\u00e9miologique au 14octobre 2021 \u00e0 16H00"},"content":{"rendered":"<div>\n<p><img decoding=\"async\" width=\"300\" height=\"153\" src=\"https:\/\/linitiative.ca\/International\/wp-content\/uploads\/sites\/23\/2021\/10\/Vaccin-Jeunesse-300x153-1.jpg\" class=\"attachment-medium size-medium wp-post-image\" alt=\"\" loading=\"lazy\" srcset=\"https:\/\/linitiative.ca\/International\/wp-content\/uploads\/sites\/23\/2021\/10\/Vaccin-Jeunesse-300x153-1.jpg 300w, https:\/\/aujourdhui.ma\/wp-content\/uploads\/2021\/08\/Vaccin-Jeunesse-274x140.jpg 274w, https:\/\/aujourdhui.ma\/wp-content\/uploads\/2021\/08\/Vaccin-Jeunesse.jpg 746w, https:\/\/aujourdhui.ma\/wp-content\/uploads\/2021\/08\/Vaccin-Jeunesse-165x84.jpg 165w, https:\/\/aujourdhui.ma\/wp-content\/uploads\/2021\/08\/Vaccin-Jeunesse-702x358.jpg 702w\" sizes=\"auto, (max-width: 300px) 100vw, 300px\"><\/p>\n<p><span style=\"font-size: 20px; color: #800000;\"><strong>Entre hier \u00e0 16H00 et aujourd\u2019hui \u00e0 16H00<\/strong><\/span><span id=\"more-389049\"><\/span><\/p>\n<p>506 nouveaux cas soit un cumul de 941 009 cas \u00e0 ce jour.<br \/>\n763 gu\u00e9risons soit un cumul de 920 476 \u00e0 ce jour.<br \/>\n20 nouveaux d\u00e9c\u00e8s donc un cumul de 14 520 \u00e0 ce jour.<\/p>\n<p><span style=\"color: #ff0000;\"><strong>Nombre de personnes vaccin\u00e9es au 14 octobre 16H00<\/strong><\/span><\/p>\n<p><span style=\"color: #800000;\">1 \u00e8re dose :<\/span>\u00a0 <strong>23 178 173<\/strong><\/p>\n<p><span style=\"color: #800000;\">2 \u00e8me dose :<\/span><strong> 20 723 634<br \/>\n<\/strong><\/p>\n<p><span style=\"color: #800000;\">3 \u00e8me dose :<\/span><strong> 402 423<br \/>\n<\/strong><\/p>\n<p><a href=\"https:\/\/linitiative.ca\/International\/wp-content\/uploads\/sites\/23\/2021\/10\/coronavirus14102021_Page_1-scaled-1.jpg\"><img decoding=\"async\" loading=\"lazy\" class=\"aligncenter size-full wp-image-389053\" src=\"https:\/\/linitiative.ca\/International\/wp-content\/uploads\/sites\/23\/2021\/10\/coronavirus14102021_Page_1-scaled-1.jpg\" alt=\"\" width=\"1356\" height=\"2560\" srcset=\"https:\/\/linitiative.ca\/International\/wp-content\/uploads\/sites\/23\/2021\/10\/coronavirus14102021_Page_1-scaled-1.jpg 1356w, https:\/\/aujourdhui.ma\/wp-content\/uploads\/2021\/10\/coronavirus14102021_Page_1-159x300.jpg 159w, https:\/\/aujourdhui.ma\/wp-content\/uploads\/2021\/10\/coronavirus14102021_Page_1-542x1024.jpg 542w, https:\/\/aujourdhui.ma\/wp-content\/uploads\/2021\/10\/coronavirus14102021_Page_1-768x1450.jpg 768w, https:\/\/aujourdhui.ma\/wp-content\/uploads\/2021\/10\/coronavirus14102021_Page_1-813x1536.jpg 813w, https:\/\/aujourdhui.ma\/wp-content\/uploads\/2021\/10\/coronavirus14102021_Page_1-1085x2048.jpg 1085w\" sizes=\"auto, (max-width: 1356px) 100vw, 1356px\"><\/a> <a href=\"https:\/\/linitiative.ca\/International\/wp-content\/uploads\/sites\/23\/2021\/10\/coronavirus14102021_Page_2-scaled-1.jpg\"><img decoding=\"async\" loading=\"lazy\" class=\"aligncenter size-full wp-image-389054\" src=\"https:\/\/linitiative.ca\/International\/wp-content\/uploads\/sites\/23\/2021\/10\/coronavirus14102021_Page_2-scaled-1.jpg\" alt=\"\" width=\"1356\" height=\"2560\" srcset=\"https:\/\/linitiative.ca\/International\/wp-content\/uploads\/sites\/23\/2021\/10\/coronavirus14102021_Page_2-scaled-1.jpg 1356w, https:\/\/aujourdhui.ma\/wp-content\/uploads\/2021\/10\/coronavirus14102021_Page_2-159x300.jpg 159w, https:\/\/aujourdhui.ma\/wp-content\/uploads\/2021\/10\/coronavirus14102021_Page_2-542x1024.jpg 542w, https:\/\/aujourdhui.ma\/wp-content\/uploads\/2021\/10\/coronavirus14102021_Page_2-768x1450.jpg 768w, https:\/\/aujourdhui.ma\/wp-content\/uploads\/2021\/10\/coronavirus14102021_Page_2-813x1536.jpg 813w, https:\/\/aujourdhui.ma\/wp-content\/uploads\/2021\/10\/coronavirus14102021_Page_2-1085x2048.jpg 1085w\" sizes=\"auto, (max-width: 1356px) 100vw, 1356px\"><\/a> <a href=\"https:\/\/linitiative.ca\/International\/wp-content\/uploads\/sites\/23\/2021\/10\/coronavirus14102021_Page_3-scaled-1.jpg\"><img decoding=\"async\" loading=\"lazy\" class=\"aligncenter size-full wp-image-389055\" src=\"https:\/\/linitiative.ca\/International\/wp-content\/uploads\/sites\/23\/2021\/10\/coronavirus14102021_Page_3-scaled-1.jpg\" alt=\"\" width=\"1356\" height=\"2560\" srcset=\"https:\/\/linitiative.ca\/International\/wp-content\/uploads\/sites\/23\/2021\/10\/coronavirus14102021_Page_3-scaled-1.jpg 1356w, https:\/\/aujourdhui.ma\/wp-content\/uploads\/2021\/10\/coronavirus14102021_Page_3-159x300.jpg 159w, https:\/\/aujourdhui.ma\/wp-content\/uploads\/2021\/10\/coronavirus14102021_Page_3-542x1024.jpg 542w, https:\/\/aujourdhui.ma\/wp-content\/uploads\/2021\/10\/coronavirus14102021_Page_3-768x1450.jpg 768w, https:\/\/aujourdhui.ma\/wp-content\/uploads\/2021\/10\/coronavirus14102021_Page_3-813x1536.jpg 813w, https:\/\/aujourdhui.ma\/wp-content\/uploads\/2021\/10\/coronavirus14102021_Page_3-1085x2048.jpg 1085w\" sizes=\"auto, (max-width: 1356px) 100vw, 1356px\"><\/a> <a href=\"https:\/\/linitiative.ca\/International\/wp-content\/uploads\/sites\/23\/2021\/10\/coronavirus14102021_Page_4-scaled-1.jpg\"><img decoding=\"async\" loading=\"lazy\" class=\"aligncenter size-full wp-image-389056\" src=\"https:\/\/linitiative.ca\/International\/wp-content\/uploads\/sites\/23\/2021\/10\/coronavirus14102021_Page_4-scaled-1.jpg\" alt=\"\" width=\"1356\" height=\"2560\" srcset=\"https:\/\/linitiative.ca\/International\/wp-content\/uploads\/sites\/23\/2021\/10\/coronavirus14102021_Page_4-scaled-1.jpg 1356w, https:\/\/aujourdhui.ma\/wp-content\/uploads\/2021\/10\/coronavirus14102021_Page_4-159x300.jpg 159w, https:\/\/aujourdhui.ma\/wp-content\/uploads\/2021\/10\/coronavirus14102021_Page_4-542x1024.jpg 542w, https:\/\/aujourdhui.ma\/wp-content\/uploads\/2021\/10\/coronavirus14102021_Page_4-768x1450.jpg 768w, https:\/\/aujourdhui.ma\/wp-content\/uploads\/2021\/10\/coronavirus14102021_Page_4-813x1536.jpg 813w, https:\/\/aujourdhui.ma\/wp-content\/uploads\/2021\/10\/coronavirus14102021_Page_4-1085x2048.jpg 1085w\" sizes=\"auto, (max-width: 1356px) 100vw, 1356px\"><\/a><\/p>\n<\/div>\n<p>Auteur: ALM<br \/>\n<a href=\"https:\/\/aujourdhui.ma\/societe\/covid-19-maroc-la-situation-epidemiologique-au-14octobre-2021-a-16h00\">Cliquez ici pour lire l&rsquo;article depuis sa source.<\/a><\/p>\n","protected":false},"excerpt":{"rendered":"<p>Entre hier \u00e0 16H00 et aujourd\u2019hui \u00e0 16H00 506 nouveaux cas soit un cumul de 941 009 cas \u00e0 ce jour. 763 gu\u00e9risons soit un cumul de 920 476 \u00e0 ce jour. 20 nouveaux d\u00e9c\u00e8s donc un cumul de 14 520 \u00e0 ce jour. Nombre de personnes vaccin\u00e9es au 14 octobre 16H00 1 \u00e8re dose [&hellip;]<\/p>\n","protected":false},"author":1759,"featured_media":0,"comment_status":"closed","ping_status":"closed","sticky":false,"template":"","format":"standard","meta":{"fifu_image_url":"https:\/\/aujourdhui.ma\/wp-content\/uploads\/2021\/08\/Vaccin-Jeunesse-300x153.jpg","fifu_image_alt":"Covid-19 \/ Maroc : La situation \u00e9pid\u00e9miologique au 14octobre 2021 \u00e0 16H00","footnotes":""},"categories":[73,54],"tags":[],"class_list":["post-129934","post","type-post","status-publish","format-standard","hentry","category-actualite","category-maroc"],"_links":{"self":[{"href":"https:\/\/linitiative.ca\/International\/wp-json\/wp\/v2\/posts\/129934","targetHints":{"allow":["GET"]}}],"collection":[{"href":"https:\/\/linitiative.ca\/International\/wp-json\/wp\/v2\/posts"}],"about":[{"href":"https:\/\/linitiative.ca\/International\/wp-json\/wp\/v2\/types\/post"}],"author":[{"embeddable":true,"href":"https:\/\/linitiative.ca\/International\/wp-json\/wp\/v2\/users\/1759"}],"replies":[{"embeddable":true,"href":"https:\/\/linitiative.ca\/International\/wp-json\/wp\/v2\/comments?post=129934"}],"version-history":[{"count":0,"href":"https:\/\/linitiative.ca\/International\/wp-json\/wp\/v2\/posts\/129934\/revisions"}],"wp:attachment":[{"href":"https:\/\/linitiative.ca\/International\/wp-json\/wp\/v2\/media?parent=129934"}],"wp:term":[{"taxonomy":"category","embeddable":true,"href":"https:\/\/linitiative.ca\/International\/wp-json\/wp\/v2\/categories?post=129934"},{"taxonomy":"post_tag","embeddable":true,"href":"https:\/\/linitiative.ca\/International\/wp-json\/wp\/v2\/tags?post=129934"}],"curies":[{"name":"wp","href":"https:\/\/api.w.org\/{rel}","templated":true}]}}