{"id":129940,"date":"2021-10-13T14:00:00","date_gmt":"2021-10-13T18:00:00","guid":{"rendered":"https:\/\/linitiative.ca\/International\/en-attendant-meilleure-prestation\/"},"modified":"2021-10-13T14:00:00","modified_gmt":"2021-10-13T18:00:00","slug":"en-attendant-meilleure-prestation","status":"publish","type":"post","link":"https:\/\/linitiative.ca\/International\/en-attendant-meilleure-prestation\/","title":{"rendered":"En attendant meilleure prestation !"},"content":{"rendered":"<div>\n<p class=\"has-black-color has-text-color\"><strong>Le public marocain vit actuellement au rythme des victoires successives et \u00e0 des scores larges sur de \u00abpi\u00e8tres\u00bb s\u00e9lections africaines. Il est bien \u00e9vident que pour la suite, ces succ\u00e8s mettent du baume sur les c\u0153urs et remontent le moral pour les prochaines \u00e9preuves des \u00e9liminatoires de coupes d\u2019Afrique et de la plan\u00e8te au Qatar, en 2022. Une multitude de nouveaux appel\u00e9s, issus des tournois du vieux continent et du Golf, d\u00e9ferle \u00e0 flot sur les diverses pelouses nationales, au m\u00eame titre que leurs pairs africains pour lesquels l\u2019homologation de leur propre stades respectifs faisait d\u00e9faut. Cependant, si les n\u00f4tres arrivent \u00e0 surclasser ais\u00e9ment leurs adversaires, il faut reconna\u00eetre que la mani\u00e8re n\u2019y est pas encore, au point de laisser sur leur faim les nombreux fans, les yeux vir\u00e9s sur le petit \u00e9cran. On aura assist\u00e9 au fait, \u00e0 un fond de construction quelconque, sans rep\u00e8re ni \u00e9volution tactique sur le champ de jeu, quoique le team Maroc foisonne de r\u00e9v\u00e9lations de qualit\u00e9. Il va sans dire que ces prouesses trompeuses risquent de d\u00e9voiler ces imperfections, face \u00e0 des outsiders de gros calibres, au proche avenir, si on continue \u00e0 se suffire \u00e0 ce satisfecit mystificateur. Au temps qu\u2019il est, apr\u00e8s une longue p\u00e9riode de prospections, le s\u00e9lectionneur national se devrait de mettre sur selle un groupe cousu et aff\u00fbt\u00e9, dont l\u2019ossature n\u2019aura plus \u00e0 faire l\u2019objet d\u2019exp\u00e9rimentation en ce moment crucial du challenge.<\/strong><\/p>\n<p class=\"has-black-color has-text-color\"><strong>Or, on a l\u2019impression que le coach bosniaque prend go\u00fbt ind\u00e9finiment \u00e0 ces tours de r\u00e9ajustement interminable, sans peut-\u00eatre se rendre compte qu\u2019il se retrouve, jusqu\u2019\u00e0 pr\u00e9sent, sans \u00e9quipe-type en mesure de confronter les t\u00e9nors du football de la plan\u00e8te. Serait-il capable de rem\u00e9dier au retard qui commence \u00e0 hanter le grand public marocain\u00a0? Sans nullement avoir l\u2019intention de jouer les trouble-f\u00eates, encore moins de verser dans le pessimisme b\u00e9at, il faudrait, sans nul doute, tirer la sonnette d\u2019alarme \u00e0 l\u2019adresse d\u2019une \u00e9quipe nationale f\u00e9brile, au stade de balbutiement constant et dont le potentiel humain ne souffre pas de contestation. Notre pays s\u2019\u00e9rige bel et bien, en nation mod\u00e8le aux traditions footbalistiques ancr\u00e9es dans l\u2019histoire et se hisse \u00e9galement en exemple de pays r\u00e9solument tourn\u00e9 vers la mise en place des conditions de rel\u00e8vement sportif, en termes d\u2019infrastructures adapt\u00e9es dont jouit actuellement une panoplie de pays \u00a0africains auxquels la CAF interdit leurs propres stades pour d\u00e9fection. Il serait donc bien dommage que la s\u00e9lection nationale soit en de\u00e7\u00e0 de toutes ces opportunit\u00e9s et ambitions, pour s\u2019\u00eatre tromp\u00e9e de choix de coach national! Sans non plus avoir l\u2019id\u00e9e de flageller toute cette pl\u00e9iade qui a choisi de porter les couleurs nationales, ni se montrer trop exigent et ingrat, on ne peut que saluer chaleureusement ces braves joueurs qui murmurent l\u2019hymne du royaume et\u00a0 mouillent leur maillot sur la pelouse\u00a0!<\/strong><\/p>\n<p>L\u2019article <a rel=\"nofollow\" href=\"http:\/\/albayane.press.ma\/en-attendant-meilleure-prestation.html\">En attendant meilleure prestation !<\/a> est apparu en premier sur <a rel=\"nofollow\" href=\"http:\/\/albayane.press.ma\/\">ALBAYANE<\/a>.<\/p>\n<\/div>\n<p>Auteur: M&rsquo;hammed rahal<br \/>\n<a href=\"http:\/\/albayane.press.ma\/en-attendant-meilleure-prestation.html\">Cliquez ici pour lire l&rsquo;article depuis sa source.<\/a><\/p>\n","protected":false},"excerpt":{"rendered":"<p>Le public marocain vit actuellement au rythme des victoires successives et \u00e0 des scores larges sur de \u00abpi\u00e8tres\u00bb s\u00e9lections africaines. Il est bien \u00e9vident que pour la suite, ces succ\u00e8s mettent du baume sur les c\u0153urs et remontent le moral pour les prochaines \u00e9preuves des \u00e9liminatoires de coupes d\u2019Afrique et de la plan\u00e8te au Qatar, [&hellip;]<\/p>\n","protected":false},"author":1760,"featured_media":0,"comment_status":"closed","ping_status":"closed","sticky":false,"template":"","format":"standard","meta":{"fifu_image_url":"","fifu_image_alt":"","footnotes":""},"categories":[73,54],"tags":[],"class_list":["post-129940","post","type-post","status-publish","format-standard","hentry","category-actualite","category-maroc"],"_links":{"self":[{"href":"https:\/\/linitiative.ca\/International\/wp-json\/wp\/v2\/posts\/129940","targetHints":{"allow":["GET"]}}],"collection":[{"href":"https:\/\/linitiative.ca\/International\/wp-json\/wp\/v2\/posts"}],"about":[{"href":"https:\/\/linitiative.ca\/International\/wp-json\/wp\/v2\/types\/post"}],"author":[{"embeddable":true,"href":"https:\/\/linitiative.ca\/International\/wp-json\/wp\/v2\/users\/1760"}],"replies":[{"embeddable":true,"href":"https:\/\/linitiative.ca\/International\/wp-json\/wp\/v2\/comments?post=129940"}],"version-history":[{"count":0,"href":"https:\/\/linitiative.ca\/International\/wp-json\/wp\/v2\/posts\/129940\/revisions"}],"wp:attachment":[{"href":"https:\/\/linitiative.ca\/International\/wp-json\/wp\/v2\/media?parent=129940"}],"wp:term":[{"taxonomy":"category","embeddable":true,"href":"https:\/\/linitiative.ca\/International\/wp-json\/wp\/v2\/categories?post=129940"},{"taxonomy":"post_tag","embeddable":true,"href":"https:\/\/linitiative.ca\/International\/wp-json\/wp\/v2\/tags?post=129940"}],"curies":[{"name":"wp","href":"https:\/\/api.w.org\/{rel}","templated":true}]}}