{"id":129941,"date":"2021-10-13T14:00:00","date_gmt":"2021-10-13T18:00:00","guid":{"rendered":"https:\/\/linitiative.ca\/International\/un-nouveau-centre-tibu-a-casablanca\/"},"modified":"2021-10-13T14:00:00","modified_gmt":"2021-10-13T18:00:00","slug":"un-nouveau-centre-tibu-a-casablanca","status":"publish","type":"post","link":"https:\/\/linitiative.ca\/International\/un-nouveau-centre-tibu-a-casablanca\/","title":{"rendered":"Un nouveau centre TIBU \u00e0 Casablanca"},"content":{"rendered":"<div>\n<p class=\"has-text-align-center has-vivid-red-color has-text-color\"><strong>d\u00e9veloppement des comp\u00e9tences motrices, cognitives et socio-affectives par le biais du sport<\/strong><\/p>\n<p class=\"has-black-color has-text-color\"><strong>L\u2019ONG \u00ab\u00a0TIBU Maroc\u00a0\u00bb a inaugur\u00e9, mardi \u00e0 Casablanca, son nouveau centre de d\u00e9veloppement des comp\u00e9tences motrices, cognitives et socio-affectives par le biais du sport au niveau de l\u2019\u00e9cole Cadi Ayyad dans la pr\u00e9fecture d\u2019arrondissements d\u2019Al Fida-Mers Sultan.<\/strong><\/p>\n<p class=\"has-black-color has-text-color\">Ce centre, mis en place en partenariat avec le minist\u00e8re de l\u2019\u00e9ducation nationale, l\u2019Acad\u00e9mie R\u00e9gionale de l\u2019\u00e9ducation et de la formation Casablanca-Settat et la direction provinciale Mers Sultan, b\u00e9n\u00e9ficiera \u00e0 200 jeunes filles et gar\u00e7ons.<br \/>Les b\u00e9n\u00e9ficiaires seront initi\u00e9s et form\u00e9s aux techniques individuelles et collectives de la balle orange et profiteront d\u2019ateliers sur le d\u00e9veloppement personnel et d\u2019estime de soi.<\/p>\n<p class=\"has-black-color has-text-color\">A cette occasion, le pr\u00e9sident fondateur de l\u2019ONG TIBU-Maroc, Amin Zariat a soulign\u00e9 qu\u2019il s\u2019agit du 25\u00e8me centre du genre au niveau national qui pr\u00e9voit des programmes visant l\u2019\u00e9mancipation des jeunes filles adolescentes par le football et le basketball et de nouveaux outils pour la formation sur la sant\u00e9 reproductive et l\u2019\u00e9galit\u00e9 des genres.<br \/>\u00ab\u00a0A travers nos centres et nos programmes d\u2019\u00e9ducation par le sport, les filles adolescentes d\u00e9veloppent plusieurs comp\u00e9tences techniques, cognitives, comportementales et socioaffectives\u00a0\u00bb, a-t-il d\u00e9clar\u00e9, notant qu&rsquo;\u00a0\u00bbinvestir dans la r\u00e9alisation du potentiel des adolescentes permet de d\u00e9fendre leurs droits aujourd\u2019hui et leur assurer un avenir plus \u00e9quitable et plus prosp\u00e8re\u00a0\u00bb.<\/p>\n<p class=\"has-black-color has-text-color\">Et d\u2019ajouter que l\u2019association TIBU utilise la force du sport pour concevoir des solutions sociales et innovantes dans le domaine de l\u2019\u00e9ducation, l\u2019autonomisation et de l\u2019inclusion socio-\u00e9conomique des jeunes et des femmes.<br \/>Selon M. Zariat, l\u2019ONG TIBU a lanc\u00e9, \u00e0 l\u2019occasion de la Journ\u00e9e Internationale de la fille adolescente c\u00e9l\u00e9br\u00e9e cette ann\u00e9e sous la th\u00e9matique \u00ab\u00a0G\u00e9n\u00e9ration num\u00e9rique, notre g\u00e9n\u00e9ration\u00a0\u00bb, plusieurs initiatives sur le terrain en faveur de la fille adolescente et diff\u00e9rents acteurs concern\u00e9s.<\/p>\n<p class=\"has-black-color has-text-color\">Pour sa part, Malika Akna directrice provinciale de l\u2019\u00e9ducation nationale \u00e0 Derb Sultan a soulign\u00e9 que l\u2019inauguration de ce centre au sein de cet \u00e9tablissement d\u2019enseignement vise \u00e0 d\u00e9velopper les comp\u00e9tences des \u00e9l\u00e8ves par le biais du sport.<\/p>\n<p class=\"has-black-color has-text-color\">Cette initiative permet de rendre l\u2019\u00e9cole plus agr\u00e9able pour les \u00e9l\u00e8ves du cycle primaire et d\u2019assurer des cours de soutien dans les mati\u00e8res fondamentales notamment pour les \u00e9l\u00e8ves en difficult\u00e9.<\/p>\n<p class=\"has-black-color has-text-color\">Pour sa part, la responsable des affaires culturelles et m\u00e9diatiques au sein du consulat g\u00e9n\u00e9ral des Etats Unis \u00e0 Casablanca, Michelle Outlaw a mis en avant la coop\u00e9ration entre le consulat am\u00e9ricain \u00e0 Casablanca et l\u2019association TIBU, notant que l\u2019association est un partenaire de longue date de la mission diplomatique am\u00e9ricaine au Maroc.<\/p>\n<p class=\"has-black-color has-text-color\">Et de relever que TIBU est une association qui croit en la pluralit\u00e9 et l\u2019insertion, deux valeurs qui sont ch\u00e8res \u00e0 la mission diplomatique am\u00e9ricaine qui d\u00e9ploie d\u2019\u00e9normes efforts pour les promouvoir.<\/p>\n<p class=\"has-black-color has-text-color\">TIBU Maroc s\u2019est engag\u00e9e \u00e0 contribuer \u00e0 la r\u00e9alisation des 17 Objectifs de d\u00e9veloppement durable (ODD) et les consid\u00e8re comme une opportunit\u00e9 de positionner le sport comme un outil puissant pour concevoir des solutions innovantes face \u00e0 la complexit\u00e9 des d\u00e9fis du 21\u00e8me si\u00e8cle.<\/p>\n<p>L\u2019article <a rel=\"nofollow\" href=\"http:\/\/albayane.press.ma\/un-nouveau-centre-tibu-a-casablanca.html\">Un nouveau centre TIBU \u00e0 Casablanca<\/a> est apparu en premier sur <a rel=\"nofollow\" href=\"http:\/\/albayane.press.ma\/\">ALBAYANE<\/a>.<\/p>\n<\/div>\n<p>Auteur: M&rsquo;hammed rahal<br \/>\n<a href=\"http:\/\/albayane.press.ma\/un-nouveau-centre-tibu-a-casablanca.html\">Cliquez ici pour lire l&rsquo;article depuis sa source.<\/a><\/p>\n","protected":false},"excerpt":{"rendered":"<p>d\u00e9veloppement des comp\u00e9tences motrices, cognitives et socio-affectives par le biais du sport L\u2019ONG \u00ab\u00a0TIBU Maroc\u00a0\u00bb a inaugur\u00e9, mardi \u00e0 Casablanca, son nouveau centre de d\u00e9veloppement des comp\u00e9tences motrices, cognitives et socio-affectives par le biais du sport au niveau de l\u2019\u00e9cole Cadi Ayyad dans la pr\u00e9fecture d\u2019arrondissements d\u2019Al Fida-Mers Sultan. Ce centre, mis en place en [&hellip;]<\/p>\n","protected":false},"author":1760,"featured_media":0,"comment_status":"closed","ping_status":"closed","sticky":false,"template":"","format":"standard","meta":{"fifu_image_url":"","fifu_image_alt":"","footnotes":""},"categories":[73,54],"tags":[],"class_list":["post-129941","post","type-post","status-publish","format-standard","hentry","category-actualite","category-maroc"],"_links":{"self":[{"href":"https:\/\/linitiative.ca\/International\/wp-json\/wp\/v2\/posts\/129941","targetHints":{"allow":["GET"]}}],"collection":[{"href":"https:\/\/linitiative.ca\/International\/wp-json\/wp\/v2\/posts"}],"about":[{"href":"https:\/\/linitiative.ca\/International\/wp-json\/wp\/v2\/types\/post"}],"author":[{"embeddable":true,"href":"https:\/\/linitiative.ca\/International\/wp-json\/wp\/v2\/users\/1760"}],"replies":[{"embeddable":true,"href":"https:\/\/linitiative.ca\/International\/wp-json\/wp\/v2\/comments?post=129941"}],"version-history":[{"count":0,"href":"https:\/\/linitiative.ca\/International\/wp-json\/wp\/v2\/posts\/129941\/revisions"}],"wp:attachment":[{"href":"https:\/\/linitiative.ca\/International\/wp-json\/wp\/v2\/media?parent=129941"}],"wp:term":[{"taxonomy":"category","embeddable":true,"href":"https:\/\/linitiative.ca\/International\/wp-json\/wp\/v2\/categories?post=129941"},{"taxonomy":"post_tag","embeddable":true,"href":"https:\/\/linitiative.ca\/International\/wp-json\/wp\/v2\/tags?post=129941"}],"curies":[{"name":"wp","href":"https:\/\/api.w.org\/{rel}","templated":true}]}}