{"id":129942,"date":"2021-10-13T14:00:00","date_gmt":"2021-10-13T18:00:00","guid":{"rendered":"https:\/\/linitiative.ca\/International\/la-nba-pousse-pour-la-vaccination-anti-covid\/"},"modified":"2021-10-13T14:00:00","modified_gmt":"2021-10-13T18:00:00","slug":"la-nba-pousse-pour-la-vaccination-anti-covid","status":"publish","type":"post","link":"https:\/\/linitiative.ca\/International\/la-nba-pousse-pour-la-vaccination-anti-covid\/","title":{"rendered":"La NBA pousse pour la vaccination anti-Covid"},"content":{"rendered":"<div>\n<p class=\"has-text-align-center has-vivid-red-color has-text-color\"><strong>Kyrie Irving en fait les frais<\/strong><\/p>\n<p class=\"has-black-color has-text-color\"><strong>Le couperet est finalement tomb\u00e9: pouss\u00e9 \u00e0 se faire vacciner et ainsi \u00eatre autoris\u00e9 \u00e0 jouer \u00e0 domicile, le basketteur de Brooklyn Kyrie Irving s\u2019est trouv\u00e9 \u00e9cart\u00e9 par son club mardi, interdit de s\u2019entra\u00eener ou de jouer\u2026 \u00e0 moins de se r\u00e9signer \u00e0 recevoir ses injections.<\/strong><\/p>\n<p class=\"has-black-color has-text-color\">Le meneur des Brooklyn Nets \u00e9tait sur la sellette depuis l\u2019instauration, par la ville de New York, de nouveaux protocoles de s\u00e9curit\u00e9 sanitaire emp\u00eachant les adultes non-vaccin\u00e9s de prendre part aux entra\u00eenements ou aux matches.<br \/>\u00ab\u00a0Kyrie a fait un choix personnel et nous respectons\u00a0\u00bb ce choix, a d\u00e9clar\u00e9 dans un communiqu\u00e9 Sean Marks, le directeur g\u00e9n\u00e9ral du club, qui pr\u00e9vient toutefois: \u00ab\u00a0Nous ne permettrons \u00e0 aucun membre de notre \u00e9quipe de n\u2019\u00eatre disponible que partiellement.\u00a0\u00bb<\/p>\n<p class=\"has-black-color has-text-color\">\u00ab\u00a0Notre objectif d\u2019\u00eatre sacr\u00e9s champions cette saison reste inchang\u00e9 et pour l\u2019accomplir, chaque membre (\u2026) doit pousser dans la m\u00eame direction\u00a0\u00bb, r\u00e9sume Sean Marks.<br \/>L\u2019annonce repr\u00e9sente le point culminant du conflit opposant la ligue professionnelle am\u00e9ricaine de basketball, la NBA, aux quelques 5% de joueurs refusant l\u2019immunisation contre le Covid-19.<\/p>\n<p class=\"has-black-color has-text-color\">Elle intervient alors que la mairie de New York avait pourtant d\u00e9cid\u00e9 vendredi 9 d\u2019autoriser Irving \u00e0 s\u2019entra\u00eener dans les installations de la franchise, consid\u00e9r\u00e9es comme priv\u00e9es et non publiques.<\/p>\n<p class=\"has-black-color has-text-color\">La Ligue, qui a dans un premier temps envisag\u00e9 de rendre obligatoire la vaccination, a finalement renonc\u00e9 face au refus du syndicat des joueurs (NBPA) lors d\u2019une r\u00e9union tenue en ao\u00fbt.<\/p>\n<p class=\"has-black-color has-text-color\">Depuis, les instances du basket am\u00e9ricain poussent par d\u2019autres moyens, notamment un protocole sanitaire extr\u00eamement strict pour les non-vaccin\u00e9s (tests quotidiens, repas en solitaire, sorties et interactions tr\u00e8s limit\u00e9es), qui se laissent petit \u00e0 petit convaincre.<\/p>\n<p class=\"has-black-color has-text-color\">Andrew Wiggins, ailier r\u00e9calcitrant au vaccin des Golden State Warriors, franchise bas\u00e9e \u00e0 San Francisco, qui a mis en place des restrictions similaires \u00e0 celles de New York, s\u2019est finalement fait vacciner, a annonc\u00e9 son club d\u00e9but octobre.<br \/>La superstar des Lakers LeBron James, un temps \u00ab\u00a0tr\u00e8s sceptique\u00a0\u00bb, a lui aussi re\u00e7u ses doses, refusant toutefois d\u2019appeler \u00e0 la vaccination. \u00ab\u00a0Je ne pense pas que je devrais me m\u00ealer de ce que les gens font pour leur corps\u00a0\u00bb, a-t-il lanc\u00e9 fin septembre.<\/p>\n<p class=\"has-black-color has-text-color\">Des appels \u00e0 la vaccination obligatoire affluent n\u00e9anmoins, comme celui exprim\u00e9 avec v\u00e9h\u00e9mence par Kareem Abdul-Jabbar, l\u00e9gende du basket, estimant qu&rsquo;\u00a0\u00bbun joueur devrait imp\u00e9rativement s\u2019y soumettre sans quoi il faudrait le retirer de l\u2019\u00e9quipe\u00a0\u00bb.<\/p>\n<p class=\"has-black-color has-text-color\">Dont acte chez les Brooklyn Nets. Et Kyrie Irving pourrait bien manquer le d\u00e9but de la saison NBA, qui s\u2019ouvre par un choc opposant son \u00e9quipe aux Milwaukee Bucks, champions en titre, s\u2019il ne r\u00e9gularise pas sa situation d\u2019ici l\u00e0.<br \/>Un coup dur, m\u00eame si le club pourra tout de m\u00eame compter sur ses deux autres stars, James Harden et Kevin Durant.<br \/>Et s\u2019il persiste, c\u2019est toute la saison qu\u2019il manquera, ainsi que des millions de dollars de salaire \u2014 la bagatelle de 380.000 dollars par match, selon la cha\u00eene sportive ESPN.<\/p>\n<p class=\"has-black-color has-text-color\">Le directeur g\u00e9n\u00e9ral des Nets Sean Marks a toutefois pr\u00e9cis\u00e9 mardi lors d\u2019une conf\u00e9rence de presse suivant l\u2019annonce, que seuls les revenus de Kyrie Irving li\u00e9s aux matchs \u00e0 domicile seraient retenus par le club. Les matchs \u00e0 l\u2019ext\u00e9rieur lui seront bien pay\u00e9s.<\/p>\n<p class=\"has-black-color has-text-color\">Le meneur des Brooklyn Nets, qui n\u2019avait pas officiellement r\u00e9agi mardi, disait fin septembre vouloir \u00e9viter de \u00ab\u00a0susciter plus de distractions et plus de pagaille\u00a0\u00bb pour son \u00e9quipe.<\/p>\n<p class=\"has-black-color has-text-color\">Selon le magazine Rolling Stone, Kyrie Irving avait partag\u00e9 des publications sur les r\u00e9seaux sociaux d\u2019un th\u00e9oricien du complot affirmant que \u00ab\u00a0des soci\u00e9t\u00e9s secr\u00e8tes implantent le vaccin pour connecter les Noirs \u00e0 un grand ordinateur dans le cadre d\u2019un plan de Satan\u00a0\u00bb.<\/p>\n<p class=\"has-black-color has-text-color\">Celui qui refuse de confirmer son statut vaccinal, qu\u2019il souhaite garder \u00ab\u00a0dans la sph\u00e8re priv\u00e9e\u00a0\u00bb, s\u2019est fendu samedi d\u2019un tweet: \u00ab\u00a0Je suis prot\u00e9g\u00e9 par Dieu et mes proches le sont aussi. Nous sommes ensemble.\u00a0\u00bb Une protection que les Nets ont apparemment jug\u00e9 insuffisante.<\/p>\n<p>L\u2019article <a rel=\"nofollow\" href=\"http:\/\/albayane.press.ma\/la-nba-pousse-pour-la-vaccination-anti-covid.html\">La NBA pousse pour la vaccination anti-Covid<\/a> est apparu en premier sur <a rel=\"nofollow\" href=\"http:\/\/albayane.press.ma\/\">ALBAYANE<\/a>.<\/p>\n<\/div>\n<p>Auteur: M&rsquo;hammed rahal<br \/>\n<a href=\"http:\/\/albayane.press.ma\/la-nba-pousse-pour-la-vaccination-anti-covid.html\">Cliquez ici pour lire l&rsquo;article depuis sa source.<\/a><\/p>\n","protected":false},"excerpt":{"rendered":"<p>Kyrie Irving en fait les frais Le couperet est finalement tomb\u00e9: pouss\u00e9 \u00e0 se faire vacciner et ainsi \u00eatre autoris\u00e9 \u00e0 jouer \u00e0 domicile, le basketteur de Brooklyn Kyrie Irving s\u2019est trouv\u00e9 \u00e9cart\u00e9 par son club mardi, interdit de s\u2019entra\u00eener ou de jouer\u2026 \u00e0 moins de se r\u00e9signer \u00e0 recevoir ses injections. Le meneur des [&hellip;]<\/p>\n","protected":false},"author":1760,"featured_media":0,"comment_status":"closed","ping_status":"closed","sticky":false,"template":"","format":"standard","meta":{"fifu_image_url":"","fifu_image_alt":"","footnotes":""},"categories":[73,54],"tags":[],"class_list":["post-129942","post","type-post","status-publish","format-standard","hentry","category-actualite","category-maroc"],"_links":{"self":[{"href":"https:\/\/linitiative.ca\/International\/wp-json\/wp\/v2\/posts\/129942","targetHints":{"allow":["GET"]}}],"collection":[{"href":"https:\/\/linitiative.ca\/International\/wp-json\/wp\/v2\/posts"}],"about":[{"href":"https:\/\/linitiative.ca\/International\/wp-json\/wp\/v2\/types\/post"}],"author":[{"embeddable":true,"href":"https:\/\/linitiative.ca\/International\/wp-json\/wp\/v2\/users\/1760"}],"replies":[{"embeddable":true,"href":"https:\/\/linitiative.ca\/International\/wp-json\/wp\/v2\/comments?post=129942"}],"version-history":[{"count":0,"href":"https:\/\/linitiative.ca\/International\/wp-json\/wp\/v2\/posts\/129942\/revisions"}],"wp:attachment":[{"href":"https:\/\/linitiative.ca\/International\/wp-json\/wp\/v2\/media?parent=129942"}],"wp:term":[{"taxonomy":"category","embeddable":true,"href":"https:\/\/linitiative.ca\/International\/wp-json\/wp\/v2\/categories?post=129942"},{"taxonomy":"post_tag","embeddable":true,"href":"https:\/\/linitiative.ca\/International\/wp-json\/wp\/v2\/tags?post=129942"}],"curies":[{"name":"wp","href":"https:\/\/api.w.org\/{rel}","templated":true}]}}