{"id":129943,"date":"2021-10-13T14:00:00","date_gmt":"2021-10-13T18:00:00","guid":{"rendered":"https:\/\/linitiative.ca\/International\/le-symbole-des-prix\/"},"modified":"2021-10-13T14:00:00","modified_gmt":"2021-10-13T18:00:00","slug":"le-symbole-des-prix","status":"publish","type":"post","link":"https:\/\/linitiative.ca\/International\/le-symbole-des-prix\/","title":{"rendered":"Le symbole des prix"},"content":{"rendered":"<div>\n<p class=\"has-text-align-center has-vivid-cyan-blue-color has-text-color\"><strong>Tour de France Femmes<\/strong><\/p>\n<p class=\"has-black-color has-text-color\"><strong>La cr\u00e9ation du Tour de France Femmes en 2022 se double d\u2019une interrogation sur le montant de ses primes apr\u00e8s la r\u00e9cente pol\u00e9mique sur leur niveau jug\u00e9 ridiculement bas dans Paris-Roubaix: \u00e0 quel niveau se situera le prix allou\u00e9 \u00e0 la premi\u00e8re laur\u00e9ate ?<\/strong><\/p>\n<p class=\"has-black-color has-text-color\">Salu\u00e9e de tous c\u00f4t\u00e9s, la premi\u00e8re \u00e9dition de Paris-Roubaix Femmes a attir\u00e9 1,4 million de t\u00e9l\u00e9spectateurs le samedi 2 octobre sur France T\u00e9l\u00e9visions, environ la moiti\u00e9 du public TV de la \u00ab\u00a0reine des classiques\u00a0\u00bb courue le lendemain.<br \/>Au-del\u00e0 du succ\u00e8s d\u2019audience compte tenu de la nouveaut\u00e9, la course gagn\u00e9e par la Britannique Lizzie Deignan a servi de vitrine pour le cyclisme f\u00e9minin, en pleine lumi\u00e8re contrairement \u00e0 l\u2019habitude.<\/p>\n<p class=\"has-black-color has-text-color\">Et mis en lumi\u00e8re, \u00e9galement, via les r\u00e9seaux sociaux, le montant des prix tr\u00e8s inf\u00e9rieur \u00e0 ceux attribu\u00e9s aux messieurs. L\u2019enveloppe globale de 7.005 euros, dont 1.535 euros pour Deignan, jurait avec les 91.000 euros de Paris-Roubaix masculin (30.000 pour le vainqueur) m\u00eame si, dans le cyclisme, les prix repr\u00e9sentent une part minime de la r\u00e9tribution des sportifs et sportives, surtout d\u00e9pendants des salaires et donc du financement des \u00e9quipes.<\/p>\n<p class=\"has-black-color has-text-color\">\u00ab\u00a0On n\u2019a honn\u00eatement pas fait attention puisque nous \u00e9tions align\u00e9s sur les grilles (de l\u2019Union cycliste internationale)\u00a0\u00bb, a expliqu\u00e9 Christian Prudhomme, le directeur de Paris-Roubaix et du Tour de France, au micro de RMC. Soit les montants qui sont attribu\u00e9s aux laur\u00e9ates des autres classiques f\u00e9minines, notamment le Tour de Flandres qui en est \u00e0 sa\u2026 18e \u00e9dition.<\/p>\n<p class=\"has-black-color has-text-color\">\u00ab\u00a0La pol\u00e9mique ne vient pas des championnes, elle vient de gens un peu plus \u00e9loign\u00e9s du monde du sport et de la r\u00e9alit\u00e9 \u00e9conomique\u00a0\u00bb, a relev\u00e9 le directeur du Tour en insistant sur l\u2019\u00e9cosyst\u00e8me du cyclisme f\u00e9minin et le cercle vertueux \u00e0 enclencher: \u00ab\u00a0C\u2019est de l\u2019investissement, tr\u00e8s clairement. Les courses f\u00e9minines perdent de l\u2019argent. Ce ne sera sans doute pas le cas, je l\u2019esp\u00e8re, pour le Tour de France Femmes.\u00a0\u00bb<\/p>\n<p class=\"has-black-color has-text-color\">D\u2019ores et d\u00e9j\u00e0, plusieurs sponsors, notamment un partenaire-titre (Zwift), sont engag\u00e9s dans la nouvelle \u00e9preuve qui aura lieu dans la suite imm\u00e9diate du Tour de France. La premi\u00e8re \u00e9tape commencera \u00e0 Paris le jour de l\u2019arriv\u00e9e du Tour masculin sur les Champs-Elys\u00e9es le 24 juillet prochain.<\/p>\n<p class=\"has-black-color has-text-color\">La retransmission t\u00e9l\u00e9vis\u00e9e, \u00e9l\u00e9ment d\u00e9terminant pour le d\u00e9veloppement \u00e9conomique du cyclisme f\u00e9minin, est \u00e9galement assur\u00e9e par France T\u00e9l\u00e9visions et les grandes cha\u00eenes de l\u2019Eurovision, se f\u00e9licite-t-on du c\u00f4t\u00e9 de la soci\u00e9t\u00e9 organisatrice (ASO).<\/p>\n<p class=\"has-black-color has-text-color\">S\u2019il est limit\u00e9 l\u2019an prochain \u00e0 huit \u00e9tapes, et donc cantonn\u00e9 \u00e0 une partie seulement du territoire, le Tour de France Femmes est tr\u00e8s attendu par le cyclisme f\u00e9minin, en passe de se structurer pour les \u00e9quipes. Nombre d\u2019entre elles (Arkea, BikeExchange, Cofidis, DSM, FDJ, Jumbo, Lotto, Movistar, Trek) sont d\u00e9sormais adoss\u00e9es aux formations de l\u2019\u00e9lite du peloton masculin et les interactions se multiplient.<\/p>\n<p class=\"has-black-color has-text-color\">Dans ce contexte, le montant des prix rel\u00e8ve surtout du symbole mais, parit\u00e9 oblige, rev\u00eat signification ind\u00e9niable.<\/p>\n<p class=\"has-black-color has-text-color\">Du c\u00f4t\u00e9 d\u2019ASO, on \u00e9tudie une hausse sensible du montant pour Paris-Roubaix, en lien avec le statut de \u00ab\u00a0reine des classiques\u00a0\u00bb de l\u2019\u00e9preuve.<\/p>\n<p class=\"has-black-color has-text-color\">Pour le Tour de France Femmes, l\u2019enveloppe devrait \u00eatre comparable, probablement sup\u00e9rieure, \u00e0 celle des plus importantes courses d\u2019une semaine du calendrier masculin, pour une dur\u00e9e comparable. A titre de r\u00e9f\u00e9rence, le montant total des prix de Paris-Nice atteint 144.300 euros (16.000 au vainqueur).<\/p>\n<p>L\u2019article <a rel=\"nofollow\" href=\"http:\/\/albayane.press.ma\/le-symbole-des-prix.html\">Le symbole des prix<\/a> est apparu en premier sur <a rel=\"nofollow\" href=\"http:\/\/albayane.press.ma\/\">ALBAYANE<\/a>.<\/p>\n<\/div>\n<p>Auteur: M&rsquo;hammed rahal<br \/>\n<a href=\"http:\/\/albayane.press.ma\/le-symbole-des-prix.html\">Cliquez ici pour lire l&rsquo;article depuis sa source.<\/a><\/p>\n","protected":false},"excerpt":{"rendered":"<p>Tour de France Femmes La cr\u00e9ation du Tour de France Femmes en 2022 se double d\u2019une interrogation sur le montant de ses primes apr\u00e8s la r\u00e9cente pol\u00e9mique sur leur niveau jug\u00e9 ridiculement bas dans Paris-Roubaix: \u00e0 quel niveau se situera le prix allou\u00e9 \u00e0 la premi\u00e8re laur\u00e9ate ? Salu\u00e9e de tous c\u00f4t\u00e9s, la premi\u00e8re \u00e9dition [&hellip;]<\/p>\n","protected":false},"author":1760,"featured_media":0,"comment_status":"closed","ping_status":"closed","sticky":false,"template":"","format":"standard","meta":{"fifu_image_url":"","fifu_image_alt":"","footnotes":""},"categories":[73,54],"tags":[],"class_list":["post-129943","post","type-post","status-publish","format-standard","hentry","category-actualite","category-maroc"],"_links":{"self":[{"href":"https:\/\/linitiative.ca\/International\/wp-json\/wp\/v2\/posts\/129943","targetHints":{"allow":["GET"]}}],"collection":[{"href":"https:\/\/linitiative.ca\/International\/wp-json\/wp\/v2\/posts"}],"about":[{"href":"https:\/\/linitiative.ca\/International\/wp-json\/wp\/v2\/types\/post"}],"author":[{"embeddable":true,"href":"https:\/\/linitiative.ca\/International\/wp-json\/wp\/v2\/users\/1760"}],"replies":[{"embeddable":true,"href":"https:\/\/linitiative.ca\/International\/wp-json\/wp\/v2\/comments?post=129943"}],"version-history":[{"count":0,"href":"https:\/\/linitiative.ca\/International\/wp-json\/wp\/v2\/posts\/129943\/revisions"}],"wp:attachment":[{"href":"https:\/\/linitiative.ca\/International\/wp-json\/wp\/v2\/media?parent=129943"}],"wp:term":[{"taxonomy":"category","embeddable":true,"href":"https:\/\/linitiative.ca\/International\/wp-json\/wp\/v2\/categories?post=129943"},{"taxonomy":"post_tag","embeddable":true,"href":"https:\/\/linitiative.ca\/International\/wp-json\/wp\/v2\/tags?post=129943"}],"curies":[{"name":"wp","href":"https:\/\/api.w.org\/{rel}","templated":true}]}}