{"id":129944,"date":"2021-10-13T14:00:00","date_gmt":"2021-10-13T18:00:00","guid":{"rendered":"https:\/\/linitiative.ca\/International\/jamais-les-acquis-ne-viennent-par-les-souhaits\/"},"modified":"2021-10-13T14:00:00","modified_gmt":"2021-10-13T18:00:00","slug":"jamais-les-acquis-ne-viennent-par-les-souhaits","status":"publish","type":"post","link":"https:\/\/linitiative.ca\/International\/jamais-les-acquis-ne-viennent-par-les-souhaits\/","title":{"rendered":"Jamais les acquis ne viennent par les souhaits \u2026"},"content":{"rendered":"<div>\n<p class=\"has-black-color has-text-color\"><strong>La modernit\u00e9 ne peut se faire sans un pouvoir d\u2019achat cons\u00e9quent qui donne \u00e0 la personne humaine la possibilit\u00e9 de l\u2019\u00e9mancipation et de l\u2019expression. S\u2019\u00e9manciper des contraintes du quotidien et pouvoir exprimer sa libert\u00e9.<\/strong><\/p>\n<p class=\"has-black-color has-text-color\">Dans un pays d\u00e9velopp\u00e9, cela se constate autant que l\u2019\u0153il peut voir l\u2019environnement, les personnes humaines qui l\u2019occupent et les activit\u00e9s qui s\u2019y d\u00e9veloppent. L\u2019\u0153il autant qu\u2019il s\u2019\u00e9merveille de la civilisation qui se vit, autant il est choqu\u00e9 par l\u2019exception, rare mais bien pr\u00e9sente, d\u2019un \u00ab\u00a0Sans Domicile fixe\u00a0\u00bb, une personne humaine, dans l\u2019exclusion et la marginalit\u00e9, qui prend la rue pour domicile. In\u00e9galit\u00e9 sociale criarde qui en cache d\u2019autres issues d\u2019un syst\u00e8me qui se d\u00e9veloppe dans l\u2019in\u00e9galit\u00e9.<\/p>\n<p class=\"has-black-color has-text-color\">Globalement, dans cet environnement moderne par son am\u00e9nagement, par son architecture et par les activit\u00e9s qui s\u2019y d\u00e9veloppent, la vie s\u2019encha\u00eene dans le respect de la loi par tous, autant dans le passage \u00e0 pi\u00e9tons que pour une manifestation d\u2019une minorit\u00e9 agissante ou le respect de la file d\u2019attente devant un commerce.<\/p>\n<p class=\"has-black-color has-text-color\">Les seniors se gaugent de soleil, les jeunes exposent leurs beaut\u00e9s et expriment leurs mamours. Le consum\u00e9risme domine et la culture se manifeste dans les places publiques. L\u2019infrastructure r\u00e9pond aux besoins des individus et se marie avec la nature. La diversit\u00e9 des origines, ethnique et\/ou \u00e9tatique, ne semble pas troubler la s\u00e9r\u00e9nit\u00e9 de l\u2019ensemble et la joie du vivre ensemble.<\/p>\n<p class=\"has-black-color has-text-color\">Le v\u0153u est alors simple \u00e0 faire. Si cela se vit sous cette latitude en ce moment m\u00eame, cela peut se r\u00e9aliser sous d\u2019autres latitudes\u00a0; d\u2019autant que les choix et les contraintes sont identiques.<\/p>\n<p class=\"has-black-color has-text-color\">Dans notre contexte, une grande majorit\u00e9 de notre population aspire \u00e0 la modernit\u00e9. Celle-ci est pr\u00e9sente dans notre beau pays, sauf qu\u2019elle reste cantonn\u00e9e dans des espaces privil\u00e9gi\u00e9s comme dans l\u2019esprit d\u2019une minorit\u00e9.Toute la probl\u00e9matique est de la faire affirmer partout dans le territoire national et qu\u2019elle r\u00e9git la vie quotidienne de la population. Cela est possible si l\u2019effort national est entrepris dans ce sens. Pourrait-on affirmer que le projet gouvernemental qui vient d\u2019\u00eatre d\u00e9clin\u00e9 s\u2019inscritdans cette d\u00e9marche ?<\/p>\n<p class=\"has-black-color has-text-color\">Sans pr\u00e9juger de l\u2019avenir, la pr\u00e9sentation du chef du gouvernement devant le parlement cite les mots-cl\u00e9s qui peuvent traduire cette \u00ab\u00a0dynamique volontariste ambitieuse incarnant l\u2019intelligence collective des Marocains\u00a0\u00bb, sauf que cette pr\u00e9sentation n\u2019aborde pas le \u00ab\u00a0comment faire\u00a0\u00bb dans le temps et la d\u00e9termination des moyens l\u00e9gislatifs et financiers pour concr\u00e9tiser cette volont\u00e9. Or, c\u2019est \u00e0 ce niveau que le scepticisme devient de mise. Les mesures chiffr\u00e9es et pr\u00e9cises ont \u00e9t\u00e9 annonc\u00e9es lors de la campagne \u00e9lectorale mais font d\u00e9faut dans la pr\u00e9sentation du projet gouvernemental alors que la situation s\u2019aggrave par la hausse des prix et l\u2019attente, entre autres et depuis fort longtemps, d\u2019une r\u00e9forme fiscale \u00e9quitable et juste pour soulager la contribution de la population et assurer le recouvrement l\u00e0 o\u00f9 le profit s\u2019accumule, parfois d\u2019une mani\u00e8re ostentatoire.<\/p>\n<p class=\"has-black-color has-text-color\">Le r\u00e9tablissement de la confiance en l\u2019action politique est li\u00e9 \u00e0 la r\u00e9alisation dans les faits de ce qui a \u00e9t\u00e9 annonc\u00e9. Les redites ajoutent au doute beaucoup plus qu\u2019elles ne l\u2019\u00e9liminent. Le temps qui est v\u00e9cu est plus exigeant que le temps politique\u00a0; et les Marocains ne veulent plus de la rengaine \u00ab cinq ann\u00e9es et puis s\u2019en vont\u00a0\u00bb de la comptine politique nationale.<\/p>\n<p class=\"has-black-color has-text-color\">Convaincre par les faits est une exigence de la consolidation du processus d\u00e9mocratique dans son ensemble. C\u2019est par ce biais que la mobilisation d\u2019une grande partie des abstentionnistes pourrait se r\u00e9aliser et que la vie politique puisse trouver son chemin en dehors des d\u00e9rives induites par l\u2019instauration d\u2019un march\u00e9 \u00e9lectoral de plus en plus capitalistique et ses cons\u00e9quences sur la cr\u00e9dibilit\u00e9 de l\u2019engagement politique.<\/p>\n<p class=\"has-black-color has-text-color\">Il reste que la lutte d\u00e9mocratique des forces progressistes a montr\u00e9 que les changements ne se font pas par des v\u0153ux pieux mais qu\u2019ils sont r\u00e9alis\u00e9s par la force de la mobilisation, l\u2019apaisement de la vie politique par l\u2019\u00e9puration des r\u00e9sidus du pass\u00e9 et ses anachronismes et la pratique du consensus autour de cette\u00a0\u00ab\u00a0dynamique volontariste ambitieuse incarnant l\u2019intelligence collective des Marocains\u00a0\u00bb.Jamais les acquis ne viennent par les souhaits \u2026<\/p>\n<p>L\u2019article <a rel=\"nofollow\" href=\"http:\/\/albayane.press.ma\/jamais-les-acquis-ne-viennent-par-les-souhaits.html\">Jamais les acquis ne viennent par les souhaits \u2026<\/a> est apparu en premier sur <a rel=\"nofollow\" href=\"http:\/\/albayane.press.ma\/\">ALBAYANE<\/a>.<\/p>\n<\/div>\n<p>Auteur: M&rsquo;hammed rahal<br \/>\n<a href=\"http:\/\/albayane.press.ma\/jamais-les-acquis-ne-viennent-par-les-souhaits.html\">Cliquez ici pour lire l&rsquo;article depuis sa source.<\/a><\/p>\n","protected":false},"excerpt":{"rendered":"<p>La modernit\u00e9 ne peut se faire sans un pouvoir d\u2019achat cons\u00e9quent qui donne \u00e0 la personne humaine la possibilit\u00e9 de l\u2019\u00e9mancipation et de l\u2019expression. S\u2019\u00e9manciper des contraintes du quotidien et pouvoir exprimer sa libert\u00e9. Dans un pays d\u00e9velopp\u00e9, cela se constate autant que l\u2019\u0153il peut voir l\u2019environnement, les personnes humaines qui l\u2019occupent et les activit\u00e9s [&hellip;]<\/p>\n","protected":false},"author":1760,"featured_media":0,"comment_status":"closed","ping_status":"closed","sticky":false,"template":"","format":"standard","meta":{"fifu_image_url":"","fifu_image_alt":"","footnotes":""},"categories":[73,54],"tags":[],"class_list":["post-129944","post","type-post","status-publish","format-standard","hentry","category-actualite","category-maroc"],"_links":{"self":[{"href":"https:\/\/linitiative.ca\/International\/wp-json\/wp\/v2\/posts\/129944","targetHints":{"allow":["GET"]}}],"collection":[{"href":"https:\/\/linitiative.ca\/International\/wp-json\/wp\/v2\/posts"}],"about":[{"href":"https:\/\/linitiative.ca\/International\/wp-json\/wp\/v2\/types\/post"}],"author":[{"embeddable":true,"href":"https:\/\/linitiative.ca\/International\/wp-json\/wp\/v2\/users\/1760"}],"replies":[{"embeddable":true,"href":"https:\/\/linitiative.ca\/International\/wp-json\/wp\/v2\/comments?post=129944"}],"version-history":[{"count":0,"href":"https:\/\/linitiative.ca\/International\/wp-json\/wp\/v2\/posts\/129944\/revisions"}],"wp:attachment":[{"href":"https:\/\/linitiative.ca\/International\/wp-json\/wp\/v2\/media?parent=129944"}],"wp:term":[{"taxonomy":"category","embeddable":true,"href":"https:\/\/linitiative.ca\/International\/wp-json\/wp\/v2\/categories?post=129944"},{"taxonomy":"post_tag","embeddable":true,"href":"https:\/\/linitiative.ca\/International\/wp-json\/wp\/v2\/tags?post=129944"}],"curies":[{"name":"wp","href":"https:\/\/api.w.org\/{rel}","templated":true}]}}