{"id":129949,"date":"2021-10-14T12:52:21","date_gmt":"2021-10-14T16:52:21","guid":{"rendered":"https:\/\/linitiative.ca\/International\/covid-19-plus-de-402-423-personnes-ont-recu-la-3-eme-dose\/"},"modified":"2021-10-14T12:52:21","modified_gmt":"2021-10-14T16:52:21","slug":"covid-19-plus-de-402-423-personnes-ont-recu-la-3-eme-dose","status":"publish","type":"post","link":"https:\/\/linitiative.ca\/International\/covid-19-plus-de-402-423-personnes-ont-recu-la-3-eme-dose\/","title":{"rendered":"Covid-19: Plus de 402.423 personnes ont re\u00e7u la 3-\u00e8me dose"},"content":{"rendered":"<div>\n<div style=\"margin-bottom:20px;\"><img loading=\"lazy\" decoding=\"async\" width=\"750\" height=\"430\" src=\"https:\/\/linitiative.ca\/International\/wp-content\/uploads\/sites\/23\/2021\/10\/cov-fr-8.jpg\" class=\"attachment-post-thumbnail size-post-thumbnail wp-post-image\" alt=\"\" srcset=\"https:\/\/linitiative.ca\/International\/wp-content\/uploads\/sites\/23\/2021\/10\/cov-fr-8.jpg 750w, http:\/\/www.mapmarrakech.ma\/map\/uploads\/2021\/10\/cov-fr-8-300x172.jpg 300w\" sizes=\"auto, (max-width: 750px) 100vw, 750px\"><\/div>\n<p>Par ailleurs, 506 infections au nouveau coronavirus et 763 gu\u00e9risons ont \u00e9t\u00e9 enregistr\u00e9s en 24 heures, portant \u00e0 941.009 le nombre total des cas positifs depuis mars 2020, alors que les r\u00e9tablissements sont de l\u2019ordre de 920.476, soit un taux de gu\u00e9rison de 97,8%.<\/p>\n<p>Les nouvelles contaminations ont \u00e9t\u00e9 recens\u00e9es dans les r\u00e9gions de Casablanca-Settat (192), Rabat-Sal\u00e9-Kenitra (186), Tanger-T\u00e9touan-Al Hoceima (36), l\u2019Oriental (34), F\u00e8s-Mekn\u00e8s (16), Marrakech-Safi (10), Beni Mellal-Kh\u00e9nifra (10), Dakhla-Oued Eddahab (8), Guelmim-Oued Noun (5), Souss-Massa (4), Dr\u00e2a-Tafilalet (3) et La\u00e2youne-Sakia El Hamra (2).<\/p>\n<p>Quant aux d\u00e9c\u00e8s, leur nombre total est pass\u00e9 \u00e0 14.520 (l\u00e9talit\u00e9 1,5%), avec 20 nouveaux cas enregistr\u00e9s dans les r\u00e9gions de Rabat-Sal\u00e9-Kenitra (8), Casablanca-Settat (6), Marrakech-Safi (2), F\u00e8s-Mekn\u00e8s (1), l\u2019Oriental (1), Tanger-T\u00e9touan-Al Hoceima (1) et Dr\u00e2a-Tafilalet (1).<\/p>\n<p>Les cas actifs sont au nombre de 6.013, tandis que les cas s\u00e9v\u00e8res ou graves pris en charge ont atteint 436, dont 23 plac\u00e9s sous intubation.<\/p>\n<p>The post <a rel=\"nofollow\" href=\"http:\/\/www.mapmarrakech.ma\/fr\/covid-19-plus-de-402-423-personnes-ont-recu-la-3-eme-dose\/\">Covid-19: Plus de 402.423 personnes ont re\u00e7u la 3-\u00e8me dose<\/a> appeared first on <a rel=\"nofollow\" href=\"http:\/\/www.mapmarrakech.ma\/fr\">MapMarrakech<\/a>.<\/p>\n<\/div>\n<p>Auteur: Meriem IGASS<br \/>\n<a href=\"http:\/\/www.mapmarrakech.ma\/fr\/covid-19-plus-de-402-423-personnes-ont-recu-la-3-eme-dose\/\">Cliquez ici pour lire l&rsquo;article depuis sa source.<\/a><\/p>\n","protected":false},"excerpt":{"rendered":"<p>Par ailleurs, 506 infections au nouveau coronavirus et 763 gu\u00e9risons ont \u00e9t\u00e9 enregistr\u00e9s en 24 heures, portant \u00e0 941.009 le nombre total des cas positifs depuis mars 2020, alors que les r\u00e9tablissements sont de l\u2019ordre de 920.476, soit un taux de gu\u00e9rison de 97,8%. Les nouvelles contaminations ont \u00e9t\u00e9 recens\u00e9es dans les r\u00e9gions de Casablanca-Settat [&hellip;]<\/p>\n","protected":false},"author":1788,"featured_media":0,"comment_status":"closed","ping_status":"closed","sticky":false,"template":"","format":"standard","meta":{"fifu_image_url":"http:\/\/www.mapmarrakech.ma\/map\/uploads\/2021\/10\/cov-fr-8.jpg","fifu_image_alt":"Covid-19: Plus de 402.423 personnes ont re\u00e7u la 3-\u00e8me dose","footnotes":""},"categories":[54,76],"tags":[],"class_list":["post-129949","post","type-post","status-publish","format-standard","hentry","category-maroc","category-regions"],"_links":{"self":[{"href":"https:\/\/linitiative.ca\/International\/wp-json\/wp\/v2\/posts\/129949","targetHints":{"allow":["GET"]}}],"collection":[{"href":"https:\/\/linitiative.ca\/International\/wp-json\/wp\/v2\/posts"}],"about":[{"href":"https:\/\/linitiative.ca\/International\/wp-json\/wp\/v2\/types\/post"}],"author":[{"embeddable":true,"href":"https:\/\/linitiative.ca\/International\/wp-json\/wp\/v2\/users\/1788"}],"replies":[{"embeddable":true,"href":"https:\/\/linitiative.ca\/International\/wp-json\/wp\/v2\/comments?post=129949"}],"version-history":[{"count":0,"href":"https:\/\/linitiative.ca\/International\/wp-json\/wp\/v2\/posts\/129949\/revisions"}],"wp:attachment":[{"href":"https:\/\/linitiative.ca\/International\/wp-json\/wp\/v2\/media?parent=129949"}],"wp:term":[{"taxonomy":"category","embeddable":true,"href":"https:\/\/linitiative.ca\/International\/wp-json\/wp\/v2\/categories?post=129949"},{"taxonomy":"post_tag","embeddable":true,"href":"https:\/\/linitiative.ca\/International\/wp-json\/wp\/v2\/tags?post=129949"}],"curies":[{"name":"wp","href":"https:\/\/api.w.org\/{rel}","templated":true}]}}