{"id":129951,"date":"2021-10-14T06:32:09","date_gmt":"2021-10-14T10:32:09","guid":{"rendered":"https:\/\/linitiative.ca\/International\/caravane-de-chirurgie-generale-a-guercif\/"},"modified":"2021-10-14T06:32:09","modified_gmt":"2021-10-14T10:32:09","slug":"caravane-de-chirurgie-generale-a-guercif","status":"publish","type":"post","link":"https:\/\/linitiative.ca\/International\/caravane-de-chirurgie-generale-a-guercif\/","title":{"rendered":"Caravane de chirurgie g\u00e9n\u00e9rale \u00e0 Guercif"},"content":{"rendered":"<div>\n<div style=\"margin-bottom:20px;\"><img loading=\"lazy\" decoding=\"async\" width=\"750\" height=\"430\" src=\"https:\/\/linitiative.ca\/International\/wp-content\/uploads\/sites\/23\/2021\/10\/SantC3A9-chirurgie-bloc-opC3A9ratoire-750C397430-MAP.jpg\" class=\"attachment-post-thumbnail size-post-thumbnail wp-post-image\" alt=\"\" srcset=\"https:\/\/linitiative.ca\/International\/wp-content\/uploads\/sites\/23\/2021\/10\/SantC3A9-chirurgie-bloc-opC3A9ratoire-750C397430-MAP.jpg 750w, http:\/\/www.mapoujda.ma\/map\/uploads\/2021\/10\/Sant\u00e9-chirurgie-bloc-op\u00e9ratoire-750\u00d7430-MAP-300x172.jpg 300w\" sizes=\"auto, (max-width: 750px) 100vw, 750px\"><\/div>\n<p style=\"text-align: justify;\">Pr\u00e9s de 50 personnes ont b\u00e9n\u00e9fici\u00e9 d\u2019une caravane de chirurgie g\u00e9n\u00e9rale organis\u00e9e r\u00e9cemment au profit des habitants d\u00e9munis \u00e0 Guercif.<\/p>\n<p style=\"text-align: justify;\">Dans une d\u00e9claration \u00e0 la MAP, le d\u00e9l\u00e8gue provincial de la sant\u00e9, Hicham Alaoui Ismaili, a indiqu\u00e9 que cette initiative s\u2019inscrit dans le cadre des efforts entrepris pour att\u00e9nuer les effets de la pand\u00e9mie de Covid-19.<\/p>\n<p style=\"text-align: justify;\">Cette caravane a \u00e9t\u00e9 encadr\u00e9e par huit m\u00e9decins chirurgiens et 12 infirmiers et techniciens .<\/p>\n<p style=\"text-align: justify;\">D\u2019autres initiatives similaires seront lanc\u00e9es prochainement par la d\u00e9l\u00e9gation provinciale de la sant\u00e9 et toucheront d\u2019autres sp\u00e9cialit\u00e9s m\u00e9dicales.<\/p>\n<p>L\u2019article <a rel=\"nofollow\" href=\"http:\/\/www.mapoujda.ma\/fr\/caravane-de-chirurgie-generale-a-guercif\/\">Caravane de chirurgie g\u00e9n\u00e9rale \u00e0 Guercif<\/a> est apparu en premier sur <a rel=\"nofollow\" href=\"http:\/\/www.mapoujda.ma\/fr\">MapOujda<\/a>.<\/p>\n<\/div>\n<p>Auteur: Soufiane ELAHMAR<br \/>\n<a href=\"http:\/\/www.mapoujda.ma\/fr\/caravane-de-chirurgie-generale-a-guercif\/\">Cliquez ici pour lire l&rsquo;article depuis sa source.<\/a><\/p>\n","protected":false},"excerpt":{"rendered":"<p>Pr\u00e9s de 50 personnes ont b\u00e9n\u00e9fici\u00e9 d\u2019une caravane de chirurgie g\u00e9n\u00e9rale organis\u00e9e r\u00e9cemment au profit des habitants d\u00e9munis \u00e0 Guercif. Dans une d\u00e9claration \u00e0 la MAP, le d\u00e9l\u00e8gue provincial de la sant\u00e9, Hicham Alaoui Ismaili, a indiqu\u00e9 que cette initiative s\u2019inscrit dans le cadre des efforts entrepris pour att\u00e9nuer les effets de la pand\u00e9mie de [&hellip;]<\/p>\n","protected":false},"author":1788,"featured_media":0,"comment_status":"closed","ping_status":"closed","sticky":false,"template":"","format":"standard","meta":{"fifu_image_url":"http:\/\/www.mapoujda.ma\/map\/uploads\/2021\/10\/Sant\u00e9-chirurgie-bloc-op\u00e9ratoire-750\u00d7430-MAP.jpg","fifu_image_alt":"Caravane de chirurgie g\u00e9n\u00e9rale \u00e0 Guercif","footnotes":""},"categories":[54,76],"tags":[],"class_list":["post-129951","post","type-post","status-publish","format-standard","hentry","category-maroc","category-regions"],"_links":{"self":[{"href":"https:\/\/linitiative.ca\/International\/wp-json\/wp\/v2\/posts\/129951","targetHints":{"allow":["GET"]}}],"collection":[{"href":"https:\/\/linitiative.ca\/International\/wp-json\/wp\/v2\/posts"}],"about":[{"href":"https:\/\/linitiative.ca\/International\/wp-json\/wp\/v2\/types\/post"}],"author":[{"embeddable":true,"href":"https:\/\/linitiative.ca\/International\/wp-json\/wp\/v2\/users\/1788"}],"replies":[{"embeddable":true,"href":"https:\/\/linitiative.ca\/International\/wp-json\/wp\/v2\/comments?post=129951"}],"version-history":[{"count":0,"href":"https:\/\/linitiative.ca\/International\/wp-json\/wp\/v2\/posts\/129951\/revisions"}],"wp:attachment":[{"href":"https:\/\/linitiative.ca\/International\/wp-json\/wp\/v2\/media?parent=129951"}],"wp:term":[{"taxonomy":"category","embeddable":true,"href":"https:\/\/linitiative.ca\/International\/wp-json\/wp\/v2\/categories?post=129951"},{"taxonomy":"post_tag","embeddable":true,"href":"https:\/\/linitiative.ca\/International\/wp-json\/wp\/v2\/tags?post=129951"}],"curies":[{"name":"wp","href":"https:\/\/api.w.org\/{rel}","templated":true}]}}