{"id":129955,"date":"2021-10-14T10:36:14","date_gmt":"2021-10-14T14:36:14","guid":{"rendered":"https:\/\/linitiative.ca\/International\/hiver-air-france-prolonge-ses-dessertes-depuis-tanger\/"},"modified":"2021-10-14T10:36:14","modified_gmt":"2021-10-14T14:36:14","slug":"hiver-air-france-prolonge-ses-dessertes-depuis-tanger","status":"publish","type":"post","link":"https:\/\/linitiative.ca\/International\/hiver-air-france-prolonge-ses-dessertes-depuis-tanger\/","title":{"rendered":"Hiver: Air France prolonge ses dessertes depuis Tanger"},"content":{"rendered":"<div>\n<div class=\"field field-name-body field-type-text-with-summary field-label-hidden\">\n<div class=\"field-items\">\n<div class=\"field-item even\" property=\"content:encoded\">\n<p class=\"rtejustify\">La compagnie a\u00e9rienne Air France a annonc\u00e9 qu\u2019elle va prolonger ses vols lanc\u00e9s l\u2019\u00e9t\u00e9 dernier au d\u00e9part de Tanger pour relier Paris-Charles de Gaulle.<\/p>\n<\/div>\n<\/div>\n<\/div>\n<\/div>\n<p>Auteur: mbasraoui<br \/>\n<a href=\"https:\/\/www.leconomiste.com\/flash-infos\/hiver-air-france-prolonge-ses-dessertes-depuis-tanger\">Cliquez ici pour lire l&rsquo;article depuis sa source.<\/a><\/p>\n","protected":false},"excerpt":{"rendered":"<p>La compagnie a\u00e9rienne Air France a annonc\u00e9 qu\u2019elle va prolonger ses vols lanc\u00e9s l\u2019\u00e9t\u00e9 dernier au d\u00e9part de Tanger pour relier Paris-Charles de Gaulle. Auteur: mbasraoui Cliquez ici pour lire l&rsquo;article depuis sa source.<\/p>\n","protected":false},"author":1763,"featured_media":0,"comment_status":"closed","ping_status":"closed","sticky":false,"template":"","format":"standard","meta":{"fifu_image_url":"","fifu_image_alt":"","footnotes":""},"categories":[78,54],"tags":[],"class_list":["post-129955","post","type-post","status-publish","format-standard","hentry","category-economie","category-maroc"],"_links":{"self":[{"href":"https:\/\/linitiative.ca\/International\/wp-json\/wp\/v2\/posts\/129955","targetHints":{"allow":["GET"]}}],"collection":[{"href":"https:\/\/linitiative.ca\/International\/wp-json\/wp\/v2\/posts"}],"about":[{"href":"https:\/\/linitiative.ca\/International\/wp-json\/wp\/v2\/types\/post"}],"author":[{"embeddable":true,"href":"https:\/\/linitiative.ca\/International\/wp-json\/wp\/v2\/users\/1763"}],"replies":[{"embeddable":true,"href":"https:\/\/linitiative.ca\/International\/wp-json\/wp\/v2\/comments?post=129955"}],"version-history":[{"count":0,"href":"https:\/\/linitiative.ca\/International\/wp-json\/wp\/v2\/posts\/129955\/revisions"}],"wp:attachment":[{"href":"https:\/\/linitiative.ca\/International\/wp-json\/wp\/v2\/media?parent=129955"}],"wp:term":[{"taxonomy":"category","embeddable":true,"href":"https:\/\/linitiative.ca\/International\/wp-json\/wp\/v2\/categories?post=129955"},{"taxonomy":"post_tag","embeddable":true,"href":"https:\/\/linitiative.ca\/International\/wp-json\/wp\/v2\/tags?post=129955"}],"curies":[{"name":"wp","href":"https:\/\/api.w.org\/{rel}","templated":true}]}}