{"id":129957,"date":"2021-10-14T11:24:40","date_gmt":"2021-10-14T15:24:40","guid":{"rendered":"https:\/\/linitiative.ca\/International\/nabila-rmili-nest-plus-ministre-de-la-sante\/"},"modified":"2021-10-14T11:24:40","modified_gmt":"2021-10-14T15:24:40","slug":"nabila-rmili-nest-plus-ministre-de-la-sante","status":"publish","type":"post","link":"https:\/\/linitiative.ca\/International\/nabila-rmili-nest-plus-ministre-de-la-sante\/","title":{"rendered":"Nabila Rmili n&rsquo;est plus ministre de la Sant\u00e9"},"content":{"rendered":"<div>\n<div class=\"field field-name-body field-type-text-with-summary field-label-hidden\">\n<div class=\"field-items\">\n<div class=\"field-item even\" property=\"content:encoded\">\n<p class=\"rtejustify\">Nabila Rmili n&rsquo;est plus \u00e0 la t\u00eate du minist\u00e8re de la Sant\u00e9. L&rsquo;ancienne directrice r\u00e9gionale de la sant\u00e9 \u00e0 Casablanca-Settat va se consacrer \u00e0 son poste de maire de Casablanca. Elle avait \u00e9t\u00e9 \u00e9lue lors des derni\u00e8res \u00e9lections l\u00e9gislatives \u00e0 la t\u00eate de la mairie. A sa demande, elle pr\u00e9f\u00e8re rester maire au lieu de cumuler les deux postes. C&rsquo;est Khalid Ait Taleb qui fait son retour \u00e0 la t\u00eate du minist\u00e8re de la Sant\u00e9, indique le Cabinet royal.<\/p>\n<\/div>\n<\/div>\n<\/div>\n<\/div>\n<p>Auteur: mbasraoui<br \/>\n<a href=\"https:\/\/www.leconomiste.com\/flash-infos\/nabila-rmili-n-est-plus-ministre-de-la-sante\">Cliquez ici pour lire l&rsquo;article depuis sa source.<\/a><\/p>\n","protected":false},"excerpt":{"rendered":"<p>Nabila Rmili n&rsquo;est plus \u00e0 la t\u00eate du minist\u00e8re de la Sant\u00e9. L&rsquo;ancienne directrice r\u00e9gionale de la sant\u00e9 \u00e0 Casablanca-Settat va se consacrer \u00e0 son poste de maire de Casablanca. Elle avait \u00e9t\u00e9 \u00e9lue lors des derni\u00e8res \u00e9lections l\u00e9gislatives \u00e0 la t\u00eate de la mairie. A sa demande, elle pr\u00e9f\u00e8re rester maire au lieu de [&hellip;]<\/p>\n","protected":false},"author":1763,"featured_media":0,"comment_status":"closed","ping_status":"closed","sticky":false,"template":"","format":"standard","meta":{"fifu_image_url":"","fifu_image_alt":"","footnotes":""},"categories":[78,54],"tags":[],"class_list":["post-129957","post","type-post","status-publish","format-standard","hentry","category-economie","category-maroc"],"_links":{"self":[{"href":"https:\/\/linitiative.ca\/International\/wp-json\/wp\/v2\/posts\/129957","targetHints":{"allow":["GET"]}}],"collection":[{"href":"https:\/\/linitiative.ca\/International\/wp-json\/wp\/v2\/posts"}],"about":[{"href":"https:\/\/linitiative.ca\/International\/wp-json\/wp\/v2\/types\/post"}],"author":[{"embeddable":true,"href":"https:\/\/linitiative.ca\/International\/wp-json\/wp\/v2\/users\/1763"}],"replies":[{"embeddable":true,"href":"https:\/\/linitiative.ca\/International\/wp-json\/wp\/v2\/comments?post=129957"}],"version-history":[{"count":0,"href":"https:\/\/linitiative.ca\/International\/wp-json\/wp\/v2\/posts\/129957\/revisions"}],"wp:attachment":[{"href":"https:\/\/linitiative.ca\/International\/wp-json\/wp\/v2\/media?parent=129957"}],"wp:term":[{"taxonomy":"category","embeddable":true,"href":"https:\/\/linitiative.ca\/International\/wp-json\/wp\/v2\/categories?post=129957"},{"taxonomy":"post_tag","embeddable":true,"href":"https:\/\/linitiative.ca\/International\/wp-json\/wp\/v2\/tags?post=129957"}],"curies":[{"name":"wp","href":"https:\/\/api.w.org\/{rel}","templated":true}]}}