{"id":12996,"date":"2019-02-11T11:12:26","date_gmt":"2019-02-11T16:12:26","guid":{"rendered":"https:\/\/linitiative.ca\/International\/achevement-de-la-restauration-de-35-batiments-au-centre-ville-doran\/"},"modified":"2019-02-11T11:12:26","modified_gmt":"2019-02-11T16:12:26","slug":"achevement-de-la-restauration-de-35-batiments-au-centre-ville-doran","status":"publish","type":"post","link":"https:\/\/linitiative.ca\/International\/achevement-de-la-restauration-de-35-batiments-au-centre-ville-doran\/","title":{"rendered":"Ach\u00e8vement de la restauration de 35 b\u00e2timents au centre-ville d\u2019Oran"},"content":{"rendered":"<div>\n<div class=\"K2FeedImage\"><img decoding=\"async\" src=\"http:\/\/www.aps.dz\/media\/k2\/items\/cache\/d355a330e02c73d5763dc68e724ec4a4_S.jpg\" alt=\"Ach\u00e8vement de la restauration de 35 b\u00e2timents au centre-ville d\u2019Oran\"><\/div>\n<div class=\"K2FeedIntroText\">\n<p>ORAN &#8211; Les travaux de restauration de 35 b\u00e2timents au centre-ville d\u2019Oran ont \u00e9t\u00e9 achev\u00e9s et r\u00e9ceptionn\u00e9s, a-t-on appris lundi aupr\u00e8s de l\u2019Office de promotion et de gestion immobili\u00e8re (OPGI).<\/p>\n<\/div>\n<div class=\"K2FeedFullText\">\n<p>La m\u00eame source a indiqu\u00e9 que 24 b\u00e2timents ont \u00e9t\u00e9 restaur\u00e9s \u00e0 la rue Larbi Ben M\u2019hidi et 11 autres \u00e0 la rue Mohamed Khemisti, ajoutant que l\u2019op\u00e9ration a port\u00e9 sur le ravalement des fa\u00e7ades et la r\u00e9fection des terrasses et des escaliers tout en respectant le mode architectural.<\/p>\n<p>Les autorit\u00e9s concern\u00e9es d\u2019Oran ont initi\u00e9 depuis des ann\u00e9es des op\u00e9rations de restauration de plusieurs immeubles dans le cadre de la r\u00e9habilitation du vieux b\u00e2ti, a-t-on rappel\u00e9.<\/p>\n<p>La wilaya d\u2019Oran a b\u00e9n\u00e9fici\u00e9, en 2008 au titre du m\u00eame programme, d\u2019une enveloppe de 2,5 milliards DA pour prendre en charge plus de 600 b\u00e2timents et 114 sites historiques. Ainsi, 49 immeubles restaur\u00e9s ont \u00e9t\u00e9 r\u00e9ceptionn\u00e9s entre 2008 et 2017.<\/p>\n<hr>\n<p><em><strong>Lire aussi:\u00a0<a href=\"http:\/\/www.aps.dz\/regions\/85279-oran-projet-de-realisation-d-une-plage-artificielle-a-el-manar\"><span class=\"highlight\">Oran<\/span>\u00a0: projet de r\u00e9alisation d\u2019une plage artificielle \u00e0 El Manar<\/a><\/strong><\/em><\/p>\n<hr>\n<p>Un dispositif a \u00e9t\u00e9 install\u00e9 au niveau de la wilaya charg\u00e9 du suivi de ce dossier pour relancer toutes les op\u00e9rations inscrites au titre du m\u00eame programme, surtout apr\u00e8s que la wilaya a b\u00e9n\u00e9fici\u00e9 en 2014 d\u2019une rallonge de 2 milliards DA, a-t-on fait savoir.<\/p>\n<p>Au titre du m\u00eame programme, 25 immeubles et b\u00e2timents ont \u00e9t\u00e9 r\u00e9ceptionn\u00e9s en 2018 dont 18 immeubles \u00e0 la rue Larbi Ben M\u2019hdii et sept (7) autres \u00e0 la rue Mohamed Khemisti.<\/p>\n<p>Les op\u00e9rations de restauration ont \u00e9t\u00e9 confi\u00e9es \u00e0 l\u2019OPGI, a-t-on indiqu\u00e9, soulignant que la ville d\u2019Oran s\u2019appr\u00eate \u00e0 abriter les Jeux m\u00e9diterran\u00e9ens de 2021.<\/p>\n<\/div>\n<\/div>\n","protected":false},"excerpt":{"rendered":"<p>ORAN &#8211; Les travaux de restauration de 35 b\u00e2timents au centre-ville d\u2019Oran ont \u00e9t\u00e9 achev\u00e9s et r\u00e9ceptionn\u00e9s, a-t-on appris lundi aupr\u00e8s de l\u2019Office de promotion et de gestion immobili\u00e8re (OPGI). La m\u00eame source a indiqu\u00e9 que 24 b\u00e2timents ont \u00e9t\u00e9 restaur\u00e9s \u00e0 la rue Larbi Ben M\u2019hidi et 11 autres \u00e0 la rue Mohamed Khemisti, [&hellip;]<\/p>\n","protected":false},"author":1790,"featured_media":12997,"comment_status":"closed","ping_status":"closed","sticky":false,"template":"","format":"standard","meta":{"fifu_image_url":"","fifu_image_alt":"","footnotes":""},"categories":[53,76],"tags":[],"class_list":["post-12996","post","type-post","status-publish","format-standard","has-post-thumbnail","hentry","category-algerie","category-regions"],"_links":{"self":[{"href":"https:\/\/linitiative.ca\/International\/wp-json\/wp\/v2\/posts\/12996","targetHints":{"allow":["GET"]}}],"collection":[{"href":"https:\/\/linitiative.ca\/International\/wp-json\/wp\/v2\/posts"}],"about":[{"href":"https:\/\/linitiative.ca\/International\/wp-json\/wp\/v2\/types\/post"}],"author":[{"embeddable":true,"href":"https:\/\/linitiative.ca\/International\/wp-json\/wp\/v2\/users\/1790"}],"replies":[{"embeddable":true,"href":"https:\/\/linitiative.ca\/International\/wp-json\/wp\/v2\/comments?post=12996"}],"version-history":[{"count":0,"href":"https:\/\/linitiative.ca\/International\/wp-json\/wp\/v2\/posts\/12996\/revisions"}],"wp:featuredmedia":[{"embeddable":true,"href":"https:\/\/linitiative.ca\/International\/wp-json\/"}],"wp:attachment":[{"href":"https:\/\/linitiative.ca\/International\/wp-json\/wp\/v2\/media?parent=12996"}],"wp:term":[{"taxonomy":"category","embeddable":true,"href":"https:\/\/linitiative.ca\/International\/wp-json\/wp\/v2\/categories?post=12996"},{"taxonomy":"post_tag","embeddable":true,"href":"https:\/\/linitiative.ca\/International\/wp-json\/wp\/v2\/tags?post=12996"}],"curies":[{"name":"wp","href":"https:\/\/api.w.org\/{rel}","templated":true}]}}