{"id":129962,"date":"2021-10-14T08:16:00","date_gmt":"2021-10-14T12:16:00","guid":{"rendered":"https:\/\/linitiative.ca\/International\/ol-slimani-revient-blesse-du-rassemblement-avec-les-verts\/"},"modified":"2021-10-14T08:16:00","modified_gmt":"2021-10-14T12:16:00","slug":"ol-slimani-revient-blesse-du-rassemblement-avec-les-verts","status":"publish","type":"post","link":"https:\/\/linitiative.ca\/International\/ol-slimani-revient-blesse-du-rassemblement-avec-les-verts\/","title":{"rendered":"OL : Slimani revient bless\u00e9 du rassemblement avec les Verts"},"content":{"rendered":"<div>L&rsquo;entra\u00eeneur de l&rsquo;OL Peter Bosz ne pourra pas compter sur Moussa Demb\u00e9l\u00e9, ni sur Islam Slimani contre Monaco, ce samedi (20 heures)<img loading=\"lazy\" decoding=\"async\" src=\"http:\/\/feeds.feedburner.com\/~r\/GalerieFArtciles\/~4\/wcM61S2L-xY\" height=\"1\" width=\"1\" alt=\"\"><\/div>\n<p>Auteur:<br \/>\n<a href=\"http:\/\/www.lebuteur.com\/article\/detail?titre=ol-slimani-revient-blesse-du-rassemblement-avec-les-verts&#038;id=101318&#038;utm_source=feedburner&#038;utm_medium=feed&#038;utm_campaign=Feed%3A+GalerieFArtciles+%28Les+derniers+articles++-+lebuteur.com%29\">Cliquez ici pour lire l&rsquo;article depuis sa source.<\/a><\/p>\n","protected":false},"excerpt":{"rendered":"<p>L&rsquo;entra\u00eeneur de l&rsquo;OL Peter Bosz ne pourra pas compter sur Moussa Demb\u00e9l\u00e9, ni sur Islam Slimani contre Monaco, ce samedi (20 heures) Auteur: Cliquez ici pour lire l&rsquo;article depuis sa source.<\/p>\n","protected":false},"author":1738,"featured_media":0,"comment_status":"closed","ping_status":"closed","sticky":false,"template":"","format":"standard","meta":{"fifu_image_url":"http:\/\/feeds.feedburner.com\/~r\/GalerieFArtciles\/~4\/wcM61S2L-xY","fifu_image_alt":"OL : Slimani revient bless\u00e9 du rassemblement avec les Verts","footnotes":""},"categories":[53,75],"tags":[],"class_list":["post-129962","post","type-post","status-publish","format-standard","hentry","category-algerie","category-sport"],"_links":{"self":[{"href":"https:\/\/linitiative.ca\/International\/wp-json\/wp\/v2\/posts\/129962","targetHints":{"allow":["GET"]}}],"collection":[{"href":"https:\/\/linitiative.ca\/International\/wp-json\/wp\/v2\/posts"}],"about":[{"href":"https:\/\/linitiative.ca\/International\/wp-json\/wp\/v2\/types\/post"}],"author":[{"embeddable":true,"href":"https:\/\/linitiative.ca\/International\/wp-json\/wp\/v2\/users\/1738"}],"replies":[{"embeddable":true,"href":"https:\/\/linitiative.ca\/International\/wp-json\/wp\/v2\/comments?post=129962"}],"version-history":[{"count":0,"href":"https:\/\/linitiative.ca\/International\/wp-json\/wp\/v2\/posts\/129962\/revisions"}],"wp:attachment":[{"href":"https:\/\/linitiative.ca\/International\/wp-json\/wp\/v2\/media?parent=129962"}],"wp:term":[{"taxonomy":"category","embeddable":true,"href":"https:\/\/linitiative.ca\/International\/wp-json\/wp\/v2\/categories?post=129962"},{"taxonomy":"post_tag","embeddable":true,"href":"https:\/\/linitiative.ca\/International\/wp-json\/wp\/v2\/tags?post=129962"}],"curies":[{"name":"wp","href":"https:\/\/api.w.org\/{rel}","templated":true}]}}