{"id":129998,"date":"2021-10-13T19:12:28","date_gmt":"2021-10-13T23:12:28","guid":{"rendered":"https:\/\/linitiative.ca\/International\/surveillance-et-rehabilitation-environnementales-des-sites-miniers-la-cour-des-comptes-egrene-les-failles-des-structures-etatiques\/"},"modified":"2021-10-13T19:12:28","modified_gmt":"2021-10-13T23:12:28","slug":"surveillance-et-rehabilitation-environnementales-des-sites-miniers-la-cour-des-comptes-egrene-les-failles-des-structures-etatiques","status":"publish","type":"post","link":"https:\/\/linitiative.ca\/International\/surveillance-et-rehabilitation-environnementales-des-sites-miniers-la-cour-des-comptes-egrene-les-failles-des-structures-etatiques\/","title":{"rendered":"Surveillance et r\u00e9habilitation environnementales des sites miniers : La Cour des comptes \u00e9gr\u00e8ne les failles  des structures \u00e9tatiques"},"content":{"rendered":"<div>\n<p><strong>La Cour des comptes a organis\u00e9 une conf\u00e9rence de presse, le mercredi 2021, \u00e0 Ouagadougou, sur les r\u00e9sultats de son audit de performance de la surveillance et de la r\u00e9habilitation environnementales des sites miniers industriels au Burkina Faso de 2015 \u00e0 2019. <\/strong><\/p>\n<p>L\u2019exploitation mini\u00e8re n\u2019a pas que des retomb\u00e9es \u00e9conomiques et financi\u00e8res. Elle est aussi source de d\u00e9gradation de l\u2019environnement \u00e0 travers la population des eaux, des sols, la d\u00e9forestation, les nuisances sonores, etc. Pour r\u00e9duire cet impact n\u00e9gatif sur le cade de vie des populations riveraines, la loi burkinab\u00e8 soumet la production mini\u00e8re \u00e0 un plan de r\u00e9habilitation environnementale et de fermeture des sites miniers.<\/p>\n<p>Mais, sur le terrain, l\u2019Etat et ses d\u00e9membrements veillent-ils au respect de ces dispositions l\u00e9gales ? Ont-ils les comp\u00e9tences et les outils n\u00e9cessaires pour assurer le suivi de la mise en \u0153uvre de ce m\u00e9canisme de r\u00e9paration de l\u2019environnement ? Pour r\u00e9pondre \u00e0 ces questions, la Cour des comptes a r\u00e9alis\u00e9 un audit de performance de la surveillance et de la r\u00e9habilitation environnementales des sites miniers industriels au Burkina Faso, de 2015 \u00e0 2019. Les r\u00e9sultats de cette \u00e9tude ont \u00e9t\u00e9 pr\u00e9sent\u00e9s aux hommes et femmes de m\u00e9dias, lors d\u2019un point de presse, le mercredi 13 octobre 2021, \u00e0 Ouagadougou.<\/p>\n<p>L\u2019\u00e9tude a concern\u00e9 les communes de Niankorodougou, Poura, Zabr\u00e9, Boudry et Mogt\u00e9do et cinq soci\u00e9t\u00e9s mini\u00e8res, \u00e0 savoir la mine ferm\u00e9e de Poura (Ex SOREMIB), Wahgnion Gold Operations (Niankorodougou), Youga Gold Operations, Soci\u00e9t\u00e9 des Mines de Sanbrado (SOMISA) et Orezone Bombor\u00e9. Au terme des sorties terrain et de l\u2019analyse documentaire, l\u2019audit a r\u00e9v\u00e9l\u00e9 que malgr\u00e9 l\u2019existence d\u2019un cadre juridique, le processus de gestion et de r\u00e9habilitation environnementale des sites miniers industriels souffre de nombreuses insuffisances.<\/p>\n<p>En effet, il ressort que le minist\u00e8re en charge de l\u2019environnement n\u2019a pas mis en place des m\u00e9canismes fonctionnels et ad\u00e9quats pour assurer l\u2019efficacit\u00e9 de la d\u00e9livrance des avis sur la faisabilit\u00e9 environnementale.<\/p>\n<h3>Absence de m\u00e9canisme de surveillance<\/h3>\n<p>Ce qui se traduit, selon le pr\u00e9sentateur du rapport, Ahmad\u00e9 Nour Guenda, par des structures \u00e9tatiques ne disposant pas de capacit\u00e9s suffisantes pour les inspections, les audits environnementaux et le suivi de la mise en \u0153uvre des Plans de gestion environnementale et sociale (PGES), la non-disponibilit\u00e9 des diff\u00e9rents rapports et la non-publication de documents relatifs \u00e0 la mise en \u0153uvre des PGES, les rendant inaccessibles au public.<\/p>\n<p>Le rapport est \u00e9galement parvenu au constat que les minist\u00e8res en charge de l\u2019environnement et des mines, les communaut\u00e9s locales et les communes impact\u00e9es n\u2019ont pas mis en place un m\u00e9canisme fonctionnel de surveillance et de suivi de la mise en \u0153uvre<\/p>\n<figure id=\"attachment_40749\" aria-describedby=\"caption-attachment-40749\" style=\"width: 300px\" class=\"wp-caption alignleft\"><img decoding=\"async\" loading=\"lazy\" class=\"size-medium wp-image-40749\" src=\"https:\/\/linitiative.ca\/International\/wp-content\/uploads\/sites\/23\/2021\/10\/mines-300x169-1.gif\" alt=\"\" width=\"300\" height=\"169\" srcset=\"https:\/\/linitiative.ca\/International\/wp-content\/uploads\/sites\/23\/2021\/10\/mines-300x169-1.gif 300w, https:\/\/www.sidwaya.info\/wp-content\/uploads\/2021\/10\/mines-768x433.gif 768w, https:\/\/www.sidwaya.info\/wp-content\/uploads\/2021\/10\/mines-150x85.gif 150w, https:\/\/www.sidwaya.info\/wp-content\/uploads\/2021\/10\/mines-696x393.gif 696w, https:\/\/www.sidwaya.info\/wp-content\/uploads\/2021\/10\/mines-744x420.gif 744w\" sizes=\"auto, (max-width: 300px) 100vw, 300px\"><figcaption id=\"caption-attachment-40749\" class=\"wp-caption-text\">L\u2019audit a r\u00e9v\u00e9l\u00e9 que les minist\u00e8res en charge de l\u2019environnement et des mines, les communaut\u00e9s locales et les communes impact\u00e9es n\u2019ont pas mis en place un m\u00e9canisme fonctionnel de surveillance et de suivi de la mise en \u0153uvre des PGES.<\/figcaption><\/figure>\n<p>des PGES, de nature \u00e0 minimiser les impacts n\u00e9gatifs de l\u2019exploitation mini\u00e8re industrielle. Mais en r\u00e9alit\u00e9, les collectivit\u00e9s territoriales et les communaut\u00e9s locales n\u2019ont pas de capacit\u00e9s suffisantes pour assurer une surveillance efficiente des questions environnementales et sociales li\u00e9es \u00e0 l\u2019exploitation mini\u00e8re.<\/p>\n<p>Autre faiblesse relev\u00e9e par le rapport est que le minist\u00e8re de l\u2019Environnement, les communaut\u00e9s et les collectivit\u00e9s territoriales ne veillent pas \u00e0 ce que les mesures inscrites aux plans de r\u00e9habilitation et de fermeture permettent une restauration de l\u2019environnement des zones impact\u00e9es. Mais au cas o\u00f9 elles voudraient assurer cette veille citoyenne, elles manquent d\u2019informations et de donn\u00e9es pour accomplir au mieux la t\u00e2che. Face aux nombreux manquements dans le processus de r\u00e9habilitation environnementale des sites miniers, la Cour des comptes a adress\u00e9 un certain nombre de recommandations.<\/p>\n<p>A l\u2019endroit du minist\u00e8re en charge de l\u2019environnement, il a recommand\u00e9 la n\u00e9cessit\u00e9 de doter ses services techniques de ressources humaines, techniques et financi\u00e8res cons\u00e9quentes pour la surveillance et le suivi environnementaux de l\u2019activit\u00e9 mini\u00e8re, de prendre des textes sur la d\u00e9livrance d\u2019agr\u00e9ment aux experts charg\u00e9s des \u00e9valuations environnementales et qui garantissent leur ind\u00e9pendance ; de sensibiliser les populations impact\u00e9es aux enjeux environnementaux en amont du processus d\u2019Evaluation d\u2019impact environnemental et social (EIES).<\/p>\n<h3>Susciter un d\u00e9bat citoyen<\/h3>\n<p>Il lui est \u00e9galement demand\u00e9 de rendre fonctionnel le comit\u00e9 technique interminist\u00e9riel d\u2019examen des plans et programmes de r\u00e9habilitation et de fermeture des mines et carri\u00e8res, de prendre des dispositions pour archiver les termes de r\u00e9f\u00e9rence et les rapports d\u2019EIES, de les rendre disponibles et accessibles, etc.<\/p>\n<p>Les questions des journalistes ont port\u00e9, entre autres, sur l\u2019impact environnemental de l\u2019activit\u00e9 mini\u00e8re sur les populations riveraines, le meilleur m\u00e9canisme d\u2019information des populations sur l\u2019enjeu environnemental, la non-mise \u00e0 disposition des ressources pour la r\u00e9habilitation progressive des sites miniers, la prise en compte du suivi de la r\u00e9habilitation environnementale dans les plans communaux de d\u00e9veloppement.<\/p>\n<p>Sur les cinq communes concern\u00e9es par l\u2019\u00e9tude, aucune n\u2019a inscrit le sujet dans son PCD, ont r\u00e9pondu les conf\u00e9renciers du jour. Quant \u00e0 la non-disponibilit\u00e9 des ressources pour engager les travaux de r\u00e9habilitation, elle est li\u00e9e \u00e0 la non-mise en place des organes charg\u00e9s de valider les plans de r\u00e9habilitation, ont-ils expliqu\u00e9. Selon le premier vice-pr\u00e9sident par int\u00e9rim de la Cour des comptes, Jean Baptiste Bouda, la diffusion des r\u00e9sultats de l\u2019audit aupr\u00e8s des journalistes vise \u00e0 donner \u00e0 l\u2019opinion publique des informations cr\u00e9dibles et \u00e0 contribuer au d\u00e9bat citoyen sur la surveillance et la r\u00e9habilitation environnementales des sites miniers au Burkina Faso.<\/p>\n<p>Apr\u00e8s les professionnels de l\u2019information, la Cour des comptes va poursuivre son exercice de diffusion des r\u00e9sultats de l\u2019audit avec les OSC, les parlementaires, la chambre des mines et les minist\u00e8res et institutions impliqu\u00e9s dans la surveillance et la r\u00e9habilitation environnementales des sites miniers au Burkina Faso. L\u2019objectif est d\u2019amener chaque acteur \u00e0 jouer sa partition pour une gestion efficiente de l\u2019impact environnemental de l\u2019exploitation mini\u00e8re, a conclu M. Bouda.<\/p>\n<p style=\"text-align: right\"><strong>Mahamadi SEBOGO<\/strong><\/p>\n<p style=\"text-align: right\">Windmad76@gmail.com<\/p>\n<p>L\u2019article <a rel=\"nofollow\" href=\"https:\/\/www.sidwaya.info\/blog\/2021\/10\/13\/surveillance-et-rehabilitation-environnementales-des-sites-miniers-la-cour-des-comptes-egrene-les-failles-des-structures-etatiques\/\">Surveillance et r\u00e9habilitation environnementales des sites miniers : La Cour des comptes \u00e9gr\u00e8ne les failles  des structures \u00e9tatiques<\/a> est apparu en premier sur <a rel=\"nofollow\" href=\"https:\/\/www.sidwaya.info\/\">Quotidien Sidwaya<\/a>.<\/p>\n<\/div>\n<p>Auteur: JK. Sidwaya<br \/>\n<a href=\"https:\/\/www.sidwaya.info\/blog\/2021\/10\/13\/surveillance-et-rehabilitation-environnementales-des-sites-miniers-la-cour-des-comptes-egrene-les-failles-des-structures-etatiques\/\">Cliquez ici pour lire l&rsquo;article depuis sa source.<\/a><\/p>\n","protected":false},"excerpt":{"rendered":"<p>La Cour des comptes a organis\u00e9 une conf\u00e9rence de presse, le mercredi 2021, \u00e0 Ouagadougou, sur les r\u00e9sultats de son audit de performance de la surveillance et de la r\u00e9habilitation environnementales des sites miniers industriels au Burkina Faso de 2015 \u00e0 2019. L\u2019exploitation mini\u00e8re n\u2019a pas que des retomb\u00e9es \u00e9conomiques et financi\u00e8res. Elle est aussi [&hellip;]<\/p>\n","protected":false},"author":1816,"featured_media":0,"comment_status":"closed","ping_status":"closed","sticky":false,"template":"","format":"standard","meta":{"fifu_image_url":"https:\/\/www.sidwaya.info\/wp-content\/uploads\/2021\/10\/mines-300x169.gif","fifu_image_alt":"Surveillance et r\u00e9habilitation environnementales des sites miniers : La Cour des comptes \u00e9gr\u00e8ne les failles  des structures \u00e9tatiques","footnotes":""},"categories":[73,81],"tags":[],"class_list":["post-129998","post","type-post","status-publish","format-standard","hentry","category-actualite","category-burkina-faso"],"_links":{"self":[{"href":"https:\/\/linitiative.ca\/International\/wp-json\/wp\/v2\/posts\/129998","targetHints":{"allow":["GET"]}}],"collection":[{"href":"https:\/\/linitiative.ca\/International\/wp-json\/wp\/v2\/posts"}],"about":[{"href":"https:\/\/linitiative.ca\/International\/wp-json\/wp\/v2\/types\/post"}],"author":[{"embeddable":true,"href":"https:\/\/linitiative.ca\/International\/wp-json\/wp\/v2\/users\/1816"}],"replies":[{"embeddable":true,"href":"https:\/\/linitiative.ca\/International\/wp-json\/wp\/v2\/comments?post=129998"}],"version-history":[{"count":0,"href":"https:\/\/linitiative.ca\/International\/wp-json\/wp\/v2\/posts\/129998\/revisions"}],"wp:attachment":[{"href":"https:\/\/linitiative.ca\/International\/wp-json\/wp\/v2\/media?parent=129998"}],"wp:term":[{"taxonomy":"category","embeddable":true,"href":"https:\/\/linitiative.ca\/International\/wp-json\/wp\/v2\/categories?post=129998"},{"taxonomy":"post_tag","embeddable":true,"href":"https:\/\/linitiative.ca\/International\/wp-json\/wp\/v2\/tags?post=129998"}],"curies":[{"name":"wp","href":"https:\/\/api.w.org\/{rel}","templated":true}]}}