{"id":130004,"date":"2021-10-14T13:39:04","date_gmt":"2021-10-14T17:39:04","guid":{"rendered":"https:\/\/linitiative.ca\/International\/cameroun-meurtre-dun-enfant-a-buea-le-gouverneur-du-sud-ouest-promet-que-justice-sera-faite\/"},"modified":"2021-10-14T13:39:04","modified_gmt":"2021-10-14T17:39:04","slug":"cameroun-meurtre-dun-enfant-a-buea-le-gouverneur-du-sud-ouest-promet-que-justice-sera-faite","status":"publish","type":"post","link":"https:\/\/linitiative.ca\/International\/cameroun-meurtre-dun-enfant-a-buea-le-gouverneur-du-sud-ouest-promet-que-justice-sera-faite\/","title":{"rendered":"Cameroun \u2013 meurtre d\u2019un enfant \u00e0 Buea : le gouverneur du Sud-Ouest promet que justice sera faite"},"content":{"rendered":"<div>\n<p><img loading=\"lazy\" decoding=\"async\" width=\"575\" height=\"480\" src=\"https:\/\/linitiative.ca\/International\/wp-content\/uploads\/sites\/23\/2021\/10\/Bernard-Okalia-Bilai.jpg\" class=\"attachment-post-thumbnail size-post-thumbnail wp-post-image\" alt=\"\" srcset=\"https:\/\/linitiative.ca\/International\/wp-content\/uploads\/sites\/23\/2021\/10\/Bernard-Okalia-Bilai.jpg 575w, https:\/\/www.journalducameroun.com\/wp-content\/uploads\/2020\/06\/Bernard-Okalia-Bilai-300x250.jpg 300w, https:\/\/www.journalducameroun.com\/wp-content\/uploads\/2020\/06\/Bernard-Okalia-Bilai-527x440.jpg 527w\" sizes=\"auto, (max-width: 575px) 100vw, 575px\"><\/p>\n<h5 style=\"text-align: justify;\">Bernard Okalia Bilai s&rsquo;est exprim\u00e9 au micro de la CRTV,\u00a0 la radio nationale, apr\u00e8s la mort de\u00a0la nomm\u00e9e Caro Louise NDIALLE, jeune \u00e9l\u00e8ve d&rsquo;environ 05 ans, tu\u00e9e par balle par un gendarme ce 14 octobre 2021.<\/h5>\n<p style=\"text-align: justify;\">\n<p style=\"text-align: justify;\">\n<p style=\"text-align: justify;\">\n<p style=\"text-align: justify;\">\u00ab\u00a0<em>J\u2019ai d\u00e9plor\u00e9 l\u2019incident. J\u2019ai rassur\u00e9 la foule que les auteurs de l\u2019incident, toutes cat\u00e9gories confondues vont \u00eatre sanctionn\u00e9s conform\u00e9ment \u00e0 la loi en vigueur dans notre pays<\/em>\u00ab\u00a0,\u00a0 dit le gouverneur de la <strong>r\u00e9gion du Sud-Ouest<\/strong>.<\/p>\n<p style=\"text-align: justify;\">La plus haute autorit\u00e9 de cette partie du pays en crise,\u00a0 en raison des revendications s\u00e9cessionistes, invite tout le monde \u00e0 la retenue. \u00ab\u00a0<em>Nous appelons la population au calme. \u00a0C\u2019est un incident triste et malheureux, d&rsquo;autant plus que nous sommes tous des parents. Mais il ne faudrait pas que les parents, les populations se laissent aller dans la col\u00e8re. De peur d\u2019ouvrir la porte aux terroristes qui sont l\u00e0 et ne guettent que de telles occasions pour tirer profit et continuer le d\u00e9sordre<\/em>\u00ab\u00a0, a-t-il ajout\u00e9.<\/p>\n<p style=\"text-align: justify;\"><strong>Bernard Okalia Bilai<\/strong> invite enfin \u00e0 ne pas stigmatiser les forces de l&rsquo;ordre et de d\u00e9fense. \u00ab\u00a0<em>Je rassure la famille que cet acte sera puni. Mais nous voulons lui dire qu\u2019un individu a commis une faute extr\u00eamement grave, mais ne rejetons pas toutes forces car elles sont l\u00e0 \u00e0 notre service<\/em>\u00ab\u00a0.<\/p>\n<p>Cet article <a rel=\"nofollow\" href=\"https:\/\/www.journalducameroun.com\/cameroun-meurtre-dun-enfant-a-buea-le-gouverneur-bernard-okalia-bilai-promet-que-justice-sera-faite-cameroun\/\">Cameroun \u2013 meurtre d\u2019un enfant \u00e0 Buea : le gouverneur du Sud-Ouest promet que justice sera faite<\/a> est apparu en premier sur <a rel=\"nofollow\" href=\"https:\/\/www.journalducameroun.com\/\">Journal du Cameroun<\/a>.<\/p>\n<\/div>\n<p>Auteur: Christian DJIMADEU<br \/>\n<a href=\"https:\/\/www.journalducameroun.com\/cameroun-meurtre-dun-enfant-a-buea-le-gouverneur-bernard-okalia-bilai-promet-que-justice-sera-faite-cameroun\/\">Cliquez ici pour lire l&rsquo;article depuis sa source.<\/a><\/p>\n","protected":false},"excerpt":{"rendered":"<p>Bernard Okalia Bilai s&rsquo;est exprim\u00e9 au micro de la CRTV,\u00a0 la radio nationale, apr\u00e8s la mort de\u00a0la nomm\u00e9e Caro Louise NDIALLE, jeune \u00e9l\u00e8ve d&rsquo;environ 05 ans, tu\u00e9e par balle par un gendarme ce 14 octobre 2021. \u00ab\u00a0J\u2019ai d\u00e9plor\u00e9 l\u2019incident. J\u2019ai rassur\u00e9 la foule que les auteurs de l\u2019incident, toutes cat\u00e9gories confondues vont \u00eatre sanctionn\u00e9s conform\u00e9ment [&hellip;]<\/p>\n","protected":false},"author":1965,"featured_media":0,"comment_status":"closed","ping_status":"closed","sticky":false,"template":"","format":"standard","meta":{"fifu_image_url":"https:\/\/www.journalducameroun.com\/wp-content\/uploads\/2020\/06\/Bernard-Okalia-Bilai.jpg","fifu_image_alt":"Cameroun \u2013 meurtre d\u2019un enfant \u00e0 Buea : le gouverneur du Sud-Ouest promet que justice sera faite","footnotes":""},"categories":[73,82],"tags":[],"class_list":["post-130004","post","type-post","status-publish","format-standard","hentry","category-actualite","category-cameroun"],"_links":{"self":[{"href":"https:\/\/linitiative.ca\/International\/wp-json\/wp\/v2\/posts\/130004","targetHints":{"allow":["GET"]}}],"collection":[{"href":"https:\/\/linitiative.ca\/International\/wp-json\/wp\/v2\/posts"}],"about":[{"href":"https:\/\/linitiative.ca\/International\/wp-json\/wp\/v2\/types\/post"}],"author":[{"embeddable":true,"href":"https:\/\/linitiative.ca\/International\/wp-json\/wp\/v2\/users\/1965"}],"replies":[{"embeddable":true,"href":"https:\/\/linitiative.ca\/International\/wp-json\/wp\/v2\/comments?post=130004"}],"version-history":[{"count":0,"href":"https:\/\/linitiative.ca\/International\/wp-json\/wp\/v2\/posts\/130004\/revisions"}],"wp:attachment":[{"href":"https:\/\/linitiative.ca\/International\/wp-json\/wp\/v2\/media?parent=130004"}],"wp:term":[{"taxonomy":"category","embeddable":true,"href":"https:\/\/linitiative.ca\/International\/wp-json\/wp\/v2\/categories?post=130004"},{"taxonomy":"post_tag","embeddable":true,"href":"https:\/\/linitiative.ca\/International\/wp-json\/wp\/v2\/tags?post=130004"}],"curies":[{"name":"wp","href":"https:\/\/api.w.org\/{rel}","templated":true}]}}