{"id":130016,"date":"2021-10-14T11:38:00","date_gmt":"2021-10-14T15:38:00","guid":{"rendered":"https:\/\/linitiative.ca\/International\/qui-sont-elizabeth-tchoungui-et-elizabeth-medou-badang-les-deux-camerounaises-de-la-delegation-du-pdg-dorange-group\/"},"modified":"2021-10-14T11:38:00","modified_gmt":"2021-10-14T15:38:00","slug":"qui-sont-elizabeth-tchoungui-et-elizabeth-medou-badang-les-deux-camerounaises-de-la-delegation-du-pdg-dorange-group","status":"publish","type":"post","link":"https:\/\/linitiative.ca\/International\/qui-sont-elizabeth-tchoungui-et-elizabeth-medou-badang-les-deux-camerounaises-de-la-delegation-du-pdg-dorange-group\/","title":{"rendered":"Qui sont Elizabeth Tchoungui et Elizabeth Medou Badang, les deux camerounaises de la d\u00e9l\u00e9gation du PDG d\u2019Orange Group ?"},"content":{"rendered":"<div>\n<p>Le Pr\u00e9sident Directeur g\u00e9n\u00e9ral d\u2019Orange Group,<strong><a href=\"https:\/\/ecomatin.net\/telecommunication-stephane-richard-pdg-du-groupe-orange-e-en-visite-au-cameroun\/\">\u00a0le Fran\u00e7ais St\u00e9phane Richard est arriv\u00e9 au Cameroun<\/a><\/strong> ce milieu de semaine, officiellement pour proc\u00e9der \u00e0 l\u2019inauguration du Orange Digital Center, qui va favoriser la transformation digitale \u00e0 travers l\u2019arrimage des populations aux m\u00e9tiers du num\u00e9rique. Sur son compte Twitter, Orange Cameroun, la filiale camerounaise de l\u2019op\u00e9rateur de t\u00e9l\u00e9phonie mobile fran\u00e7ais, a publi\u00e9 la liste des personnalit\u00e9s qui composent la d\u00e9l\u00e9gation conduite par St\u00e9phane Richard. On y retrouve d\u2019\u00e9minentes personnalit\u00e9s du groupe, parmi lesquelles deux Camerounaises et non des moindres, Elisabeth Medou Badang et Elizabeth Tchoungui.<\/p>\n<p><strong>Lire aussi<\/strong> : <strong><a href=\"https:\/\/ecomatin.net\/telecommunication-stephane-richard-pdg-du-groupe-orange-e-en-visite-au-cameroun\/\">T\u00e9l\u00e9communication : St\u00e9phane Richard, PDG du groupe Orange en visite au Cameroun<\/a><\/strong><\/p>\n<p>La premi\u00e8re, Medou Badang, va s\u00e9journer le temps de cette visite aux c\u00f4t\u00e9s de St\u00e9phane Richard, dans une bo\u00eete qu\u2019elle connait parfaitement, pour l\u2019avoir dirig\u00e9e en tant que Directeur g\u00e9n\u00e9ral d\u2019Orange Cameroun pendant cinq ann\u00e9es, entre 2013 et 2018. Elle prenait les r\u00eanes d\u2019une soci\u00e9t\u00e9 au sein de laquelle elle a assum\u00e9 la fonction de directeur g\u00e9n\u00e9ral adjoint de la filiale camerounaise pendant dix ans entre 1999 et 2009. Avant d\u2019\u00eatre port\u00e9e \u00e0 la t\u00eate de la filiale camerounaise, elle avait fait l\u2019exp\u00e9rience du management d\u2019Orange Botswana de 2010 \u00e0 2013. Une ascension remarquable pour cette personnalit\u00e9 tr\u00e8s influente du leadership f\u00e9minin sur le continent, qui allait devenir, la premi\u00e8re femme et premi\u00e8re personnalit\u00e9 non europ\u00e9enne \u00e0 la t\u00eate de la filiale camerounaise du groupe fran\u00e7ais.<\/p>\n<p>Gr\u00e2ce aux riches exp\u00e9riences engrang\u00e9es depuis son arriv\u00e9e dans le r\u00e9seau des filiales du groupe Orange, Elisabeth Medou Badang est devenue un personnage central dans l\u2019organigramme d\u2019Orange, et occupe actuellement le poste de vice-Pr\u00e9sident Senior Afrique &amp; Oc\u00e9an Indien, et de porte-parole d\u2019Orange Middle East and Africa.<\/p>\n<p><strong>Lire aussi<\/strong> : <strong><a href=\"https:\/\/ecomatin.net\/paiement-numerique-des-frais-dexamens-et-de-scolarite-orange-cameroun-n-et-ecobank-rejoignent-la-shortlist-des-operateurs-agrees\/\">Paiement num\u00e9rique des frais d\u2019examens et de scolarit\u00e9 : Orange Cameroun et Ecobank rejoignent la shortlist des op\u00e9rateurs agr\u00e9es<\/a><\/strong><\/p>\n<p>Revoil\u00e0 Elisabeth Tchoungui sur la terre de ses anc\u00eatres apr\u00e8s y avoir s\u00e9journ\u00e9 au mois d\u2019avril dernier, pour des activit\u00e9s sociales en sa qualit\u00e9 de pr\u00e9sidente d\u00e9l\u00e9gu\u00e9e de la Fondation Orange Group. Cette fois-ci, elle arrive dans les bagages de St\u00e9phane Richard pour l\u2019inauguration du Orange Digital Center, pr\u00e9vue ce vendredi 15 octobre \u00e0 Douala. Cette Camerounaise de 47 ans n\u00e9e aux Etats-Unis et journaliste dans une ancienne vie, est directrice ex\u00e9cutive RSE, Diversit\u00e9 Solidarit\u00e9 du Groupe Orange depuis septembre 2020. Elle supervise notamment la politique de Responsabilit\u00e9 Sociale d\u2019Orange dans le cadre des objectifs du plan Strat\u00e9gique \u00ab\u00a0Engage2025\u00a0\u00bb.<\/p>\n<p>Dipl\u00f4m\u00e9e de l\u2019\u00c9cole sup\u00e9rieure de journalisme de Lille, Elizabeth Tchoungui a \u00e9t\u00e9 la premi\u00e8re journaliste africaine \u00e0 pr\u00e9senter le journal de TV5 Monde et la premi\u00e8re femme \u00e0 pr\u00e9senter le magazine hebdomadaire culturel de deuxi\u00e8me partie de soir\u00e9e de France 2 (Avant-premi\u00e8res). Elle est administratrice de l\u2019ONG Action contre la Faim et du Club XXIe Si\u00e8cle, think tank et do tank qui promeut la diversit\u00e9 par l\u2019excellence et l\u2019exemplarit\u00e9 des parcours.<\/p>\n<p><strong>Lire aussi<\/strong> : <strong><a href=\"https:\/\/ecomatin.net\/telephonie-mobile-les-defis-s-du-nouveau-dg-dorange-cameroun\/\">T\u00e9l\u00e9phonie mobile : Les d\u00e9fis du nouveau DG d\u2019Orange Cameroun<\/a><\/strong><\/p>\n<p>L\u2019article <a rel=\"nofollow\" href=\"https:\/\/ecomatin.net\/qui-sont-elizabeth-tchoungui-et-elizabeth-h-medou-badang-g-les-deux-camerounaises-de-la-delegation-du-pdg-dorange-group\/\">Qui sont Elizabeth Tchoungui et Elizabeth Medou Badang, les deux camerounaises de la d\u00e9l\u00e9gation du PDG d\u2019Orange Group ?<\/a> est apparu en premier sur <a rel=\"nofollow\" href=\"https:\/\/ecomatin.net\/\">EcoMatin<\/a>.<\/p>\n<\/div>\n<p>Auteur: Yannick KENNE<br \/>\n<a href=\"https:\/\/ecomatin.net\/qui-sont-elizabeth-tchoungui-et-elizabeth-h-medou-badang-g-les-deux-camerounaises-de-la-delegation-du-pdg-dorange-group\/\">Cliquez ici pour lire l&rsquo;article depuis sa source.<\/a><\/p>\n","protected":false},"excerpt":{"rendered":"<p>Le Pr\u00e9sident Directeur g\u00e9n\u00e9ral d\u2019Orange Group,\u00a0le Fran\u00e7ais St\u00e9phane Richard est arriv\u00e9 au Cameroun ce milieu de semaine, officiellement pour proc\u00e9der \u00e0 l\u2019inauguration du Orange Digital Center, qui va favoriser la transformation digitale \u00e0 travers l\u2019arrimage des populations aux m\u00e9tiers du num\u00e9rique. Sur son compte Twitter, Orange Cameroun, la filiale camerounaise de l\u2019op\u00e9rateur de t\u00e9l\u00e9phonie mobile [&hellip;]<\/p>\n","protected":false},"author":1969,"featured_media":0,"comment_status":"closed","ping_status":"closed","sticky":false,"template":"","format":"standard","meta":{"fifu_image_url":"","fifu_image_alt":"","footnotes":""},"categories":[82,78],"tags":[],"class_list":["post-130016","post","type-post","status-publish","format-standard","hentry","category-cameroun","category-economie"],"_links":{"self":[{"href":"https:\/\/linitiative.ca\/International\/wp-json\/wp\/v2\/posts\/130016","targetHints":{"allow":["GET"]}}],"collection":[{"href":"https:\/\/linitiative.ca\/International\/wp-json\/wp\/v2\/posts"}],"about":[{"href":"https:\/\/linitiative.ca\/International\/wp-json\/wp\/v2\/types\/post"}],"author":[{"embeddable":true,"href":"https:\/\/linitiative.ca\/International\/wp-json\/wp\/v2\/users\/1969"}],"replies":[{"embeddable":true,"href":"https:\/\/linitiative.ca\/International\/wp-json\/wp\/v2\/comments?post=130016"}],"version-history":[{"count":0,"href":"https:\/\/linitiative.ca\/International\/wp-json\/wp\/v2\/posts\/130016\/revisions"}],"wp:attachment":[{"href":"https:\/\/linitiative.ca\/International\/wp-json\/wp\/v2\/media?parent=130016"}],"wp:term":[{"taxonomy":"category","embeddable":true,"href":"https:\/\/linitiative.ca\/International\/wp-json\/wp\/v2\/categories?post=130016"},{"taxonomy":"post_tag","embeddable":true,"href":"https:\/\/linitiative.ca\/International\/wp-json\/wp\/v2\/tags?post=130016"}],"curies":[{"name":"wp","href":"https:\/\/api.w.org\/{rel}","templated":true}]}}