{"id":130018,"date":"2021-10-14T13:02:14","date_gmt":"2021-10-14T17:02:14","guid":{"rendered":"https:\/\/linitiative.ca\/International\/la-fao-et-le-feicom-font-front-commun-pour-lutter-contre-linsecurite-alimentaire\/"},"modified":"2021-10-14T13:02:14","modified_gmt":"2021-10-14T17:02:14","slug":"la-fao-et-le-feicom-font-front-commun-pour-lutter-contre-linsecurite-alimentaire","status":"publish","type":"post","link":"https:\/\/linitiative.ca\/International\/la-fao-et-le-feicom-font-front-commun-pour-lutter-contre-linsecurite-alimentaire\/","title":{"rendered":"La FAO et le FEICOM font front commun pour lutter contre l\u2019ins\u00e9curit\u00e9 alimentaire"},"content":{"rendered":"<div>\n<p>La situation de la malnutrition infantile dans la r\u00e9gion de l\u2019Est est alarmante. \u00ab\u00a0D\u2019apr\u00e8s les enqu\u00eates men\u00e9es par l\u2019Unicef en 2018, 35,5% d\u2019enfants souffrent de la malnutrition chronique ayant pour principale cons\u00e9quence, le niveau de croissance desdits enfants. Par ailleurs il faut noter que la malnutrition aig\u00fce globale est de 2,5%. Compte tenu de ces r\u00e9sultats, les d\u00e9fis d\u2019accompagnement des communaut\u00e9s pour renverser cette tendance sont \u00e9normes et les pouvoir publics ont besoin de l\u2019adh\u00e9sion de toutes les sectorielles afin que les pratiques nutritionnelles des enfants soient garanties au mois pendant les 100 premiers jours de vie\u00a0\u00bb, explique le Point focal, nutrition \u00e0 la d\u00e9l\u00e9gation r\u00e9gionale de la sant\u00e9 publique.<\/p>\n<p><strong>Lire aussi<\/strong> : <strong><a href=\"https:\/\/ecomatin.net\/la-commune-de-bertoua-1er-affiche-un-taux-x-dexecution-de-491-de-son-budget-2021\">La commune de Bertoua 1<sup>er<\/sup>\u00a0affiche un taux d\u2019ex\u00e9cution de 49,1% de son budget 2021<\/a><\/strong><\/p>\n<p>Par ailleurs les statistiques de la sant\u00e9 publique indiquent que la situation est plus pr\u00e9occupante dans les zones frontali\u00e8res qui ont connu un flux massif des r\u00e9fugi\u00e9s centrafricains depuis plusieurs ann\u00e9es. De l\u2019autre c\u00f4t\u00e9, la r\u00e9gion de l\u2019Est fait face aux changements climatiques dus \u00e0 la destruction abusive de l\u2019environnement \u00e0 travers la d\u00e9forestation et l\u2019exploitation mini\u00e8re sauvage.\u00a0D\u00e9j\u00e0 \u00e0 Bertoua et selon le maire de la ville, Jean Marie Dimb\u00e9l\u00e9, la communaut\u00e9 urbaine a r\u00e9cemment plant\u00e9 1000 arbres et envisage d\u2019investir 22 millions de Fcfa en 2022 pour planter 10.000 arbres afin de rendre la ville \u00e9cologique face aux changements climatiques.<\/p>\n<p><strong>Lire aussi<\/strong> : <strong><a href=\"https:\/\/ecomatin.net\/developpement-agropastoral-240-millions-de-fcfa-dappui-a-46-organisations-de-producteurs-a-lest\/\">D\u00e9veloppement agropastoral : 240 millions de FCFA d\u2019appui \u00e0 46 organisations de producteurs \u00e0 l\u2019Est<\/a><\/strong><\/p>\n<p>En r\u00e9ponse \u00e0 la menace de l\u2019ins\u00e9curit\u00e9 alimentaire, le R\u00e9seau des Communes de l\u2019Est pour la Promotion de la Nutrition (Recenut) a men\u00e9 un plaidoyer aupr\u00e8s du Fonds sp\u00e9cial d\u2019\u00e9quipement et d\u2019intervention intercommunal (Feicom). C\u2019est ainsi que le Feicom et l\u2019organisation des Nations-Unies pour l\u2019alimentation et l\u2019agriculture (FAO) ont sign\u00e9 un protocole d\u2019accord le 05 octobre 2021 \u00e0 Bertoua, chef-lieu de la r\u00e9gion de l\u2019Est pour accompagner les communes. Le document paraph\u00e9\u00a0 par Philippe Camille Akoa, directeur g\u00e9n\u00e9ral du Feicom et Mravili Athman, repr\u00e9sentant r\u00e9sident de la FAO au Cameroun porte d\u2019abord sur l\u2019am\u00e9lioration de la s\u00e9curit\u00e9 alimentaire. Ceci \u00e0 travers la mise en place des programmes communs de d\u00e9veloppement agricole en zone p\u00e9riurbaine, la promotion de l\u2019alimentation en milieu scolaire, le soutien \u00e0 la petite transformation des produits v\u00e9g\u00e9taux frais, l\u2019am\u00e9lioration de la qualit\u00e9 sanitaire des denr\u00e9es animales \u00e0 travers la mise en place des infrastructures d\u2019abattage et des espaces de vente au sein des municipalit\u00e9s et, la mise en place et participation aux plateformes d\u2019\u00e9changes sur les bonnes pratiques internationales en mati\u00e8re de lutte contre l\u2019ins\u00e9curit\u00e9 alimentaire au sein des collectivit\u00e9s territoriales d\u00e9centralis\u00e9es. Les deux parties se sont \u00e9galement engag\u00e9es \u00e0 promouvoir le d\u00e9veloppement local, la gestion durable des ressources naturelles, la protection de l\u2019environnement, la lutte contre les changements climatiques et le renforcement des capacit\u00e9s des acteurs.<\/p>\n<p><strong>Martin Foula \u00a0\u00a0\u00a0<\/strong><\/p>\n<p>L\u2019article <a rel=\"nofollow\" href=\"https:\/\/ecomatin.net\/la-fao-et-le-feicom-font-front-commun-n-pour-lutter-contre-linsecurite-alimentaire\/\">La FAO et le FEICOM font front commun pour lutter contre l\u2019ins\u00e9curit\u00e9 alimentaire<\/a> est apparu en premier sur <a rel=\"nofollow\" href=\"https:\/\/ecomatin.net\/\">EcoMatin<\/a>.<\/p>\n<\/div>\n<p>Auteur: EcoMatin<br \/>\n<a href=\"https:\/\/ecomatin.net\/la-fao-et-le-feicom-font-front-commun-n-pour-lutter-contre-linsecurite-alimentaire\/\">Cliquez ici pour lire l&rsquo;article depuis sa source.<\/a><\/p>\n","protected":false},"excerpt":{"rendered":"<p>La situation de la malnutrition infantile dans la r\u00e9gion de l\u2019Est est alarmante. \u00ab\u00a0D\u2019apr\u00e8s les enqu\u00eates men\u00e9es par l\u2019Unicef en 2018, 35,5% d\u2019enfants souffrent de la malnutrition chronique ayant pour principale cons\u00e9quence, le niveau de croissance desdits enfants. Par ailleurs il faut noter que la malnutrition aig\u00fce globale est de 2,5%. Compte tenu de ces [&hellip;]<\/p>\n","protected":false},"author":1969,"featured_media":0,"comment_status":"closed","ping_status":"closed","sticky":false,"template":"","format":"standard","meta":{"fifu_image_url":"","fifu_image_alt":"","footnotes":""},"categories":[82,78],"tags":[],"class_list":["post-130018","post","type-post","status-publish","format-standard","hentry","category-cameroun","category-economie"],"_links":{"self":[{"href":"https:\/\/linitiative.ca\/International\/wp-json\/wp\/v2\/posts\/130018","targetHints":{"allow":["GET"]}}],"collection":[{"href":"https:\/\/linitiative.ca\/International\/wp-json\/wp\/v2\/posts"}],"about":[{"href":"https:\/\/linitiative.ca\/International\/wp-json\/wp\/v2\/types\/post"}],"author":[{"embeddable":true,"href":"https:\/\/linitiative.ca\/International\/wp-json\/wp\/v2\/users\/1969"}],"replies":[{"embeddable":true,"href":"https:\/\/linitiative.ca\/International\/wp-json\/wp\/v2\/comments?post=130018"}],"version-history":[{"count":0,"href":"https:\/\/linitiative.ca\/International\/wp-json\/wp\/v2\/posts\/130018\/revisions"}],"wp:attachment":[{"href":"https:\/\/linitiative.ca\/International\/wp-json\/wp\/v2\/media?parent=130018"}],"wp:term":[{"taxonomy":"category","embeddable":true,"href":"https:\/\/linitiative.ca\/International\/wp-json\/wp\/v2\/categories?post=130018"},{"taxonomy":"post_tag","embeddable":true,"href":"https:\/\/linitiative.ca\/International\/wp-json\/wp\/v2\/tags?post=130018"}],"curies":[{"name":"wp","href":"https:\/\/api.w.org\/{rel}","templated":true}]}}