{"id":130023,"date":"2021-10-15T09:31:24","date_gmt":"2021-10-15T13:31:24","guid":{"rendered":"https:\/\/linitiative.ca\/International\/a-la-veille-dal-mawlid-annabaoui-les-recommandations-dadm-pour-un-bon-voyage\/"},"modified":"2021-10-15T09:31:24","modified_gmt":"2021-10-15T13:31:24","slug":"a-la-veille-dal-mawlid-annabaoui-les-recommandations-dadm-pour-un-bon-voyage","status":"publish","type":"post","link":"https:\/\/linitiative.ca\/International\/a-la-veille-dal-mawlid-annabaoui-les-recommandations-dadm-pour-un-bon-voyage\/","title":{"rendered":"A la veille d\u2019Al Mawlid Annabaoui, les recommandations d\u2019ADM pour un bon voyage"},"content":{"rendered":"<div>\n<p><img decoding=\"async\" width=\"300\" height=\"153\" src=\"https:\/\/linitiative.ca\/International\/wp-content\/uploads\/sites\/23\/2021\/10\/autoroute-maroc-300x153-1.jpg\" class=\"attachment-medium size-medium wp-post-image\" alt=\"\" loading=\"lazy\" srcset=\"https:\/\/linitiative.ca\/International\/wp-content\/uploads\/sites\/23\/2021\/10\/autoroute-maroc-300x153-1.jpg 300w, https:\/\/aujourdhui.ma\/wp-content\/uploads\/2017\/12\/autoroute-maroc.jpg 746w\" sizes=\"auto, (max-width: 300px) 100vw, 300px\"><\/p>\n<p><span style=\"font-size: 20px; color: #800000;\"><strong>A quelques jours de Dikra Al Mawlid Annabaoui, la Soci\u00e9t\u00e9 Nationale des Autoroutes du Maroc (ADM) ne manque pas de donner des conseils \u00e0 ses clients-usagers.<\/strong> <\/span><span id=\"more-389166\"><\/span><\/p>\n<p>\u00ab A cette occasion, l\u2019ensemble du r\u00e9seau autoroutier conna\u00eetra un trafic tr\u00e8s important \u00bb, pr\u00e9cise ADM en d\u00e9taillant les dates et les heures. Il s\u2019agit du vendredi 15 octobre entre 15h et 22h, du samedi 16 octobre entre 9h et 13h, du lundi 18 octobre entre 15h et 22h et du mercredi 20 octobre, qui co\u00efncidera avec les retours des vacances, entre 16h et 22h.<\/p>\n<p>Pour un voyage s\u00e9curis\u00e9 et confortable, ADM recommande \u00e0 ses clients-usagers d\u2019organiser au pr\u00e9alable leur voyage et se renseigner sur l\u2019\u00e9tat instantan\u00e9 du trafic en t\u00e9l\u00e9chargeant l\u2019application ADM TRAFIC, v\u00e9rifier le solde restant sur le Pass Jawaz et proc\u00e9der \u00e0 sa recharge avant d\u2019emprunter l\u2019autoroute, prendre des pauses toutes les deux heures et contr\u00f4ler l\u2019\u00e9tat des pneus, faire preuve de vigilance en passant par des zones connaissant une recrudescence du brouillard ou des pr\u00e9cipitations qui r\u00e9duisent la visibilit\u00e9 et alt\u00e8rent la perception des distances, r\u00e9duire la vitesse, maintenir la distance de s\u00e9curit\u00e9 et allumer les feux n\u00e9cessaires du v\u00e9hicule m\u00eame en plein jour.<\/p>\n<\/div>\n<p>Auteur: ALM<br \/>\n<a href=\"https:\/\/aujourdhui.ma\/societe\/a-la-veille-dal-mawlid-annabaoui-les-recommandations-dadm-pour-un-bon-voyage\">Cliquez ici pour lire l&rsquo;article depuis sa source.<\/a><\/p>\n","protected":false},"excerpt":{"rendered":"<p>A quelques jours de Dikra Al Mawlid Annabaoui, la Soci\u00e9t\u00e9 Nationale des Autoroutes du Maroc (ADM) ne manque pas de donner des conseils \u00e0 ses clients-usagers. \u00ab A cette occasion, l\u2019ensemble du r\u00e9seau autoroutier conna\u00eetra un trafic tr\u00e8s important \u00bb, pr\u00e9cise ADM en d\u00e9taillant les dates et les heures. Il s\u2019agit du vendredi 15 octobre [&hellip;]<\/p>\n","protected":false},"author":1759,"featured_media":0,"comment_status":"closed","ping_status":"closed","sticky":false,"template":"","format":"standard","meta":{"fifu_image_url":"https:\/\/aujourdhui.ma\/wp-content\/uploads\/2017\/12\/autoroute-maroc-300x153.jpg","fifu_image_alt":"A la veille d\u2019Al Mawlid Annabaoui, les recommandations d\u2019ADM pour un bon voyage","footnotes":""},"categories":[73,54],"tags":[],"class_list":["post-130023","post","type-post","status-publish","format-standard","hentry","category-actualite","category-maroc"],"_links":{"self":[{"href":"https:\/\/linitiative.ca\/International\/wp-json\/wp\/v2\/posts\/130023","targetHints":{"allow":["GET"]}}],"collection":[{"href":"https:\/\/linitiative.ca\/International\/wp-json\/wp\/v2\/posts"}],"about":[{"href":"https:\/\/linitiative.ca\/International\/wp-json\/wp\/v2\/types\/post"}],"author":[{"embeddable":true,"href":"https:\/\/linitiative.ca\/International\/wp-json\/wp\/v2\/users\/1759"}],"replies":[{"embeddable":true,"href":"https:\/\/linitiative.ca\/International\/wp-json\/wp\/v2\/comments?post=130023"}],"version-history":[{"count":0,"href":"https:\/\/linitiative.ca\/International\/wp-json\/wp\/v2\/posts\/130023\/revisions"}],"wp:attachment":[{"href":"https:\/\/linitiative.ca\/International\/wp-json\/wp\/v2\/media?parent=130023"}],"wp:term":[{"taxonomy":"category","embeddable":true,"href":"https:\/\/linitiative.ca\/International\/wp-json\/wp\/v2\/categories?post=130023"},{"taxonomy":"post_tag","embeddable":true,"href":"https:\/\/linitiative.ca\/International\/wp-json\/wp\/v2\/tags?post=130023"}],"curies":[{"name":"wp","href":"https:\/\/api.w.org\/{rel}","templated":true}]}}