{"id":130031,"date":"2021-10-15T11:42:40","date_gmt":"2021-10-15T15:42:40","guid":{"rendered":"https:\/\/linitiative.ca\/International\/banque-mondiale-fmi-nadia-fettah-alaoui-presente-a-la-reunion-du-comite-de-developpement\/"},"modified":"2021-10-15T11:42:40","modified_gmt":"2021-10-15T15:42:40","slug":"banque-mondiale-fmi-nadia-fettah-alaoui-presente-a-la-reunion-du-comite-de-developpement","status":"publish","type":"post","link":"https:\/\/linitiative.ca\/International\/banque-mondiale-fmi-nadia-fettah-alaoui-presente-a-la-reunion-du-comite-de-developpement\/","title":{"rendered":"Banque mondiale- FMI : Nadia Fettah Alaoui pr\u00e9sente \u00e0 la r\u00e9union du Comit\u00e9 de d\u00e9veloppement"},"content":{"rendered":"<div>\n<p><img decoding=\"async\" width=\"300\" height=\"153\" src=\"https:\/\/linitiative.ca\/International\/wp-content\/uploads\/sites\/23\/2021\/10\/nadia-fettah-alaoui-300x153-1.jpg\" class=\"attachment-medium size-medium wp-post-image\" alt=\"\" loading=\"lazy\" srcset=\"https:\/\/linitiative.ca\/International\/wp-content\/uploads\/sites\/23\/2021\/10\/nadia-fettah-alaoui-300x153-1.jpg 300w, https:\/\/aujourdhui.ma\/wp-content\/uploads\/2020\/03\/nadia-fettah-alaoui.jpg 746w\" sizes=\"auto, (max-width: 300px) 100vw, 300px\"><\/p>\n<p><span style=\"font-size: 20px; color: #800000;\"><strong>La Maroc prend part aux travaux des assembl\u00e9es annuelles 2021 du Groupe de la Banque Mondiale (GBM) et du FMI.<\/strong> <\/span><span id=\"more-389168\"><\/span><\/p>\n<p>A cette occasion, la ministre de l\u2019\u00c9conomie et des Finances, Nadia Fettah Alaoui a particip\u00e9, vendredi 15 octobre \u00e0 la 104\u00e8me r\u00e9union du Comit\u00e9 de d\u00e9veloppement (CD) conjoint du Groupe de la Banque Mondiale (GBM) et du Fonds mon\u00e9taire international (FMI). En sa qualit\u00e9 de pr\u00e9sidente du groupe de pays constitu\u00e9 du Maroc, de l\u2019Afghanistan, de l\u2019Alg\u00e9rie, du Ghana, de l\u2019Iran, du Pakistan et de la Tunisie, la ministre a ax\u00e9 son intervention sur le \u00ab financement du GBM pour un d\u00e9veloppement vert, r\u00e9silient et inclusif\u00a0\u00bb et au \u00ab\u00a0r\u00f4le du GBM dans la pr\u00e9vention, la pr\u00e9paration et la r\u00e9ponse aux crises futures \u00bb.<\/p>\n<p>A cet \u00e9gard, elle remerci\u00e9 la Banque mondiale pour les efforts consid\u00e9rables d\u00e9ploy\u00e9s pour r\u00e9soudre les nombreux d\u00e9fis li\u00e9s \u00e0 la pand\u00e9mie et a lanc\u00e9 un appel \u00e0 la Banque pour renforcer ses engagements \u00e0 l\u2019avenir, eu \u00e9gard aux d\u00e9fis \u00e9conomiques croissants auxquels font face les pays en d\u00e9veloppement, indique un communiqu\u00e9 du Minist\u00e8re de l\u2019Economie et des Finances. Nadia Fettah Alaoui, qui \u00e9tait accompagn\u00e9e de Faouzia Zaaboul, Directrice du Tr\u00e9sor et des finances ext\u00e9rieures, a \u00e9galement mis en avant le r\u00f4le essentiel du GBM dans la pr\u00e9vention, la pr\u00e9paration et la r\u00e9ponse aux crises futures et a invit\u00e9 cette institution \u00e0 renforcer son appui aux pays membres, notamment \u00e0 travers des financements concessionnels ainsi qu\u2019une assistance technique et des services de conseil adapt\u00e9s. Lors de cette r\u00e9union la ministre a invit\u00e9 les pays membres du GBM, du FMI et la communaut\u00e9 financi\u00e8re internationale \u00e0 participer aux Assembl\u00e9es annuelles de 2022 pr\u00e9vues \u00e0 Marrakech.<\/p>\n<p>Elle a r\u00e9it\u00e9r\u00e9 par la m\u00eame occasion l\u2019engagement du Maroc \u00e0 prendre toutes les dispositions n\u00e9cessaires, en collaboration avec le GBM et le FMI, pour la bonne r\u00e9ussite de cet important \u00e9v\u00e9nement. Notons que le Comit\u00e9 de d\u00e9veloppement se r\u00e9unit deux fois par an, \u00e0 l\u2019occasion des r\u00e9unions de printemps du GBM et du FMI en avril et des assembl\u00e9es annuelles en octobre, pour d\u00e9battre des probl\u00e9matiques fondamentales du d\u00e9veloppement, de la mobilisation des ressources financi\u00e8res pour les pays en d\u00e9veloppement, du commerce mondial et de l\u2019environnement, conclut le communiqu\u00e9.<\/p>\n<\/div>\n<p>Auteur: ALM<br \/>\n<a href=\"https:\/\/aujourdhui.ma\/economie\/banque-mondiale-fmi-nadia-fettah-alaoui-presente-a-la-reunion-du-comite-de-developpement\">Cliquez ici pour lire l&rsquo;article depuis sa source.<\/a><\/p>\n","protected":false},"excerpt":{"rendered":"<p>La Maroc prend part aux travaux des assembl\u00e9es annuelles 2021 du Groupe de la Banque Mondiale (GBM) et du FMI. A cette occasion, la ministre de l\u2019\u00c9conomie et des Finances, Nadia Fettah Alaoui a particip\u00e9, vendredi 15 octobre \u00e0 la 104\u00e8me r\u00e9union du Comit\u00e9 de d\u00e9veloppement (CD) conjoint du Groupe de la Banque Mondiale (GBM) [&hellip;]<\/p>\n","protected":false},"author":1759,"featured_media":0,"comment_status":"closed","ping_status":"closed","sticky":false,"template":"","format":"standard","meta":{"fifu_image_url":"https:\/\/aujourdhui.ma\/wp-content\/uploads\/2020\/03\/nadia-fettah-alaoui-300x153.jpg","fifu_image_alt":"Banque mondiale- FMI : Nadia Fettah Alaoui pr\u00e9sente \u00e0 la r\u00e9union du Comit\u00e9 de d\u00e9veloppement","footnotes":""},"categories":[73,54],"tags":[],"class_list":["post-130031","post","type-post","status-publish","format-standard","hentry","category-actualite","category-maroc"],"_links":{"self":[{"href":"https:\/\/linitiative.ca\/International\/wp-json\/wp\/v2\/posts\/130031","targetHints":{"allow":["GET"]}}],"collection":[{"href":"https:\/\/linitiative.ca\/International\/wp-json\/wp\/v2\/posts"}],"about":[{"href":"https:\/\/linitiative.ca\/International\/wp-json\/wp\/v2\/types\/post"}],"author":[{"embeddable":true,"href":"https:\/\/linitiative.ca\/International\/wp-json\/wp\/v2\/users\/1759"}],"replies":[{"embeddable":true,"href":"https:\/\/linitiative.ca\/International\/wp-json\/wp\/v2\/comments?post=130031"}],"version-history":[{"count":0,"href":"https:\/\/linitiative.ca\/International\/wp-json\/wp\/v2\/posts\/130031\/revisions"}],"wp:attachment":[{"href":"https:\/\/linitiative.ca\/International\/wp-json\/wp\/v2\/media?parent=130031"}],"wp:term":[{"taxonomy":"category","embeddable":true,"href":"https:\/\/linitiative.ca\/International\/wp-json\/wp\/v2\/categories?post=130031"},{"taxonomy":"post_tag","embeddable":true,"href":"https:\/\/linitiative.ca\/International\/wp-json\/wp\/v2\/tags?post=130031"}],"curies":[{"name":"wp","href":"https:\/\/api.w.org\/{rel}","templated":true}]}}