{"id":130033,"date":"2021-10-14T14:00:00","date_gmt":"2021-10-14T18:00:00","guid":{"rendered":"https:\/\/linitiative.ca\/International\/prudence\/"},"modified":"2021-10-14T14:00:00","modified_gmt":"2021-10-14T18:00:00","slug":"prudence","status":"publish","type":"post","link":"https:\/\/linitiative.ca\/International\/prudence\/","title":{"rendered":"Prudence !"},"content":{"rendered":"<div>\n<p class=\"has-black-color has-text-color\"><strong>En d\u00e9pit de la baisse substantielle des cas positifs et l\u2019assouplissement graduel des mesures restrictives, il semble que l\u2019Etat tergiverse encore sur le maintien de cet all\u00e8gement mod\u00e9r\u00e9 ou encore la lev\u00e9e enti\u00e8re de ces contraintes. Apr\u00e8s environs une dizaine de semaines de rel\u00e2chement, les indicateurs du Covid sont au vert et r\u00e9v\u00e8lent la d\u00e9gringolade naturelle du virus, suite \u00e0 l\u2019escalade au pic de son \u00e9volution. La troisi\u00e8me vague \u00e9tant en f\u00e9brilit\u00e9, la propagation para\u00eet faiblissante, fortement fragilis\u00e9e par la mont\u00e9e en fl\u00e8che de l\u2019\u00e9preuve vaccinale dont la cadence parmi les diff\u00e9rentes couches sociales s\u2019av\u00e8re galopante. Il va sans dire que la prouesse que notre pays est en passe d\u2019accomplir non sans \u00e9lan d\u2019exultation, a fonci\u00e8rement contribu\u00e9 \u00e0 l\u2019enraiement progressif de la pand\u00e9mie, sans pour autant, \u00eatre d\u00e9mesur\u00e9ment au satisfecit candide. La pr\u00e9caution est donc de mise pour sortir de la crise qui n\u2019a que trop durer, au grand dam des populations en d\u00e9tresse, durant vingt mois d\u2019affil\u00e9e. Hormis la contamination des personnes quoique compl\u00e8tement vaccin\u00e9es, le variant Delta continue \u00e0 faire des d\u00e9g\u00e2ts parmi m\u00eame celles-ci, ce qui explique sa virulence et, de ce fait, la vigilance ininterrompue. L\u2019Etat a alors raison de se montrer atermoyant \u00e0 cet effet, en vue de parvenir a l\u2019immunit\u00e9 collective. La graduation adopt\u00e9e \u00e0 cet \u00e9gard n\u2019en est pas une approche vaine, du moment que la vaccination va bon train et augure de lendemain rassurant. Il est bien certain que le ramollissement du virus, all\u00e8grement constat\u00e9 ces derniers temps, incite les citoyens \u00e0 se dissocier des mesures barri\u00e8res, notamment le port des bavettes, la tenue de distance et la d\u00e9sinfection des mains. Le virus est toujours dans nos murs, bien qu\u2019on se soit relativement lib\u00e9r\u00e9e du fa\u00eete vital. Le salut r\u00e9side au fait, en l\u2019acc\u00e9l\u00e9ration davantage des taux de vaccins, dans les diverses tranches d\u2019\u00e2ge, ce qui a \u00e9t\u00e9 d\u00e9j\u00e0 entam\u00e9e notamment dans les milieux scolaires. Certes, l\u2019impact \u00e9pid\u00e9mique touche de plus en plus, les structures \u00e9conomiques du pays, malgr\u00e9 la relance amorc\u00e9e dans nombre d\u2019unit\u00e9s de production et de groupes du monde de l\u2019entreprise. Mais, l\u2019option marqu\u00e9e de prudence dont le pays fait preuve, est de nature \u00e0 canaliser le redressement de l\u2019\u00e9conomie nationale sur le chemin de la s\u00e9curisation et de l\u2019optimisation. De m\u00eame, il est \u00e0 relever que l\u2019\u00e9tat sanitaire qui pr\u00e9vaut dans nombre de contr\u00e9es, plus particuli\u00e8rement de la M\u00e9diterran\u00e9e, avec lesquels notre pays assure des \u00e9changes multiples et vari\u00e9s, attribue des entrains d\u2019assurance et de permissivit\u00e9.<\/strong><\/p>\n<p>L\u2019article <a rel=\"nofollow\" href=\"http:\/\/albayane.press.ma\/prudence-2.html\">Prudence !<\/a> est apparu en premier sur <a rel=\"nofollow\" href=\"http:\/\/albayane.press.ma\/\">ALBAYANE<\/a>.<\/p>\n<\/div>\n<p>Auteur: M&rsquo;hammed rahal<br \/>\n<a href=\"http:\/\/albayane.press.ma\/prudence-2.html\">Cliquez ici pour lire l&rsquo;article depuis sa source.<\/a><\/p>\n","protected":false},"excerpt":{"rendered":"<p>En d\u00e9pit de la baisse substantielle des cas positifs et l\u2019assouplissement graduel des mesures restrictives, il semble que l\u2019Etat tergiverse encore sur le maintien de cet all\u00e8gement mod\u00e9r\u00e9 ou encore la lev\u00e9e enti\u00e8re de ces contraintes. Apr\u00e8s environs une dizaine de semaines de rel\u00e2chement, les indicateurs du Covid sont au vert et r\u00e9v\u00e8lent la d\u00e9gringolade [&hellip;]<\/p>\n","protected":false},"author":1760,"featured_media":0,"comment_status":"closed","ping_status":"closed","sticky":false,"template":"","format":"standard","meta":{"fifu_image_url":"","fifu_image_alt":"","footnotes":""},"categories":[73,54],"tags":[],"class_list":["post-130033","post","type-post","status-publish","format-standard","hentry","category-actualite","category-maroc"],"_links":{"self":[{"href":"https:\/\/linitiative.ca\/International\/wp-json\/wp\/v2\/posts\/130033","targetHints":{"allow":["GET"]}}],"collection":[{"href":"https:\/\/linitiative.ca\/International\/wp-json\/wp\/v2\/posts"}],"about":[{"href":"https:\/\/linitiative.ca\/International\/wp-json\/wp\/v2\/types\/post"}],"author":[{"embeddable":true,"href":"https:\/\/linitiative.ca\/International\/wp-json\/wp\/v2\/users\/1760"}],"replies":[{"embeddable":true,"href":"https:\/\/linitiative.ca\/International\/wp-json\/wp\/v2\/comments?post=130033"}],"version-history":[{"count":0,"href":"https:\/\/linitiative.ca\/International\/wp-json\/wp\/v2\/posts\/130033\/revisions"}],"wp:attachment":[{"href":"https:\/\/linitiative.ca\/International\/wp-json\/wp\/v2\/media?parent=130033"}],"wp:term":[{"taxonomy":"category","embeddable":true,"href":"https:\/\/linitiative.ca\/International\/wp-json\/wp\/v2\/categories?post=130033"},{"taxonomy":"post_tag","embeddable":true,"href":"https:\/\/linitiative.ca\/International\/wp-json\/wp\/v2\/tags?post=130033"}],"curies":[{"name":"wp","href":"https:\/\/api.w.org\/{rel}","templated":true}]}}