{"id":130034,"date":"2021-10-14T14:00:00","date_gmt":"2021-10-14T18:00:00","guid":{"rendered":"https:\/\/linitiative.ca\/International\/onu-consultations-a-huis-clos-du-conseil-de-securite\/"},"modified":"2021-10-14T14:00:00","modified_gmt":"2021-10-14T18:00:00","slug":"onu-consultations-a-huis-clos-du-conseil-de-securite","status":"publish","type":"post","link":"https:\/\/linitiative.ca\/International\/onu-consultations-a-huis-clos-du-conseil-de-securite\/","title":{"rendered":"ONU: consultations \u00e0 huis clos du Conseil de S\u00e9curit\u00e9"},"content":{"rendered":"<div>\n<p class=\"has-text-align-center has-vivid-red-color has-text-color\"><strong>Sahara marocain<\/strong><\/p>\n<p class=\"has-text-align-left has-black-color has-text-color\"><strong>Le Conseil de s\u00e9curit\u00e9 de l\u2019ONU a tenu, mercredi \u00e0 New York, des consultations \u00e0 huis clos sur la question du Sahara marocain.<\/strong><\/p>\n<p class=\"has-text-align-left has-black-color has-text-color\">Selon des sources diplomatiques \u00e0 New York, les membres du Conseil de s\u00e9curit\u00e9 ont re\u00e7u un briefing du Repr\u00e9sentant sp\u00e9cial du Secr\u00e9taire g\u00e9n\u00e9ral de l\u2019ONU pour le Sahara, Alexander Ivanko, ainsi que de la sous-secr\u00e9taire g\u00e9n\u00e9rale pour l\u2019Afrique au D\u00e9partement des Affaires politiques du Secr\u00e9tariat de l\u2019ONU, Martha Pobee.<\/p>\n<p class=\"has-text-align-left has-black-color has-text-color\">Ces consultations interviennent en pr\u00e9vision de l\u2019adoption, fin octobre courant, d\u2019une r\u00e9solution prorogeant le mandat de la Minurso, pour lequel le Secr\u00e9taire g\u00e9n\u00e9ral de l\u2019ONU, Antonio Guterres a recommand\u00e9 une dur\u00e9e d\u2019un an.<\/p>\n<p class=\"has-text-align-left has-black-color has-text-color\">M. Guterres vient de nommer l\u2019Italo-su\u00e9dois Staffan de Mistura en tant que son nouvel envoy\u00e9 personnel pour le Sahara marocain.<\/p>\n<p class=\"has-text-align-left has-black-color has-text-color\">La nomination de M. de Mistura, qui devrait entamer son mandat d\u00e9but novembre prochain, est intervenue apr\u00e8s l\u2019aval du Conseil de S\u00e9curit\u00e9, qui a \u00e9t\u00e9 officiellement saisi par le Secr\u00e9taire g\u00e9n\u00e9ral des Nations Unies.<\/p>\n<p class=\"has-text-align-left has-black-color has-text-color\">Le Maroc avait exprim\u00e9 son soutien \u00e0 cette nomination apr\u00e8s sa consultation par le Secr\u00e9taire g\u00e9n\u00e9ral de l\u2019ONU, il y a plusieurs semaines, ce que les autres parties ont \u00e9galement fait.<\/p>\n<p class=\"has-text-align-left has-black-color has-text-color\">Dans la lettre de nomination adress\u00e9e au Conseil de S\u00e9curit\u00e9, le Secr\u00e9taire g\u00e9n\u00e9ral des Nations Unies avait indiqu\u00e9 que M. de Mistura travaillera avec le Maroc, l\u2019Alg\u00e9rie, la Mauritanie et le \u201cpolisario\u201d sur la base de la r\u00e9solution 2548 du 30 octobre 2021 et d\u2019autres r\u00e9solutions du Conseil, ainsi qu\u2019en tenant pleinement compte des progr\u00e8s r\u00e9alis\u00e9s \u00e0 ce jour, afin de parvenir \u00e0 la solution politique de la question du Sahara marocain.<\/p>\n<p class=\"has-text-align-left has-black-color has-text-color\">Ces r\u00e9solutions du Conseil de s\u00e9curit\u00e9, mentionn\u00e9es dans le rapport du Secr\u00e9taire g\u00e9n\u00e9ral, en l\u2019occurrence la 2440, 2468, 2494 et 2548 ont r\u00e9affirm\u00e9 que la solution politique, r\u00e9aliste, pragmatique et de compromis est la seule issue \u00e0 la question du Sahara marocain.<\/p>\n<p>L\u2019article <a rel=\"nofollow\" href=\"http:\/\/albayane.press.ma\/onu-consultations-a-huis-clos-du-conseil-de-securite.html\">ONU: consultations \u00e0 huis clos du Conseil de S\u00e9curit\u00e9<\/a> est apparu en premier sur <a rel=\"nofollow\" href=\"http:\/\/albayane.press.ma\/\">ALBAYANE<\/a>.<\/p>\n<\/div>\n<p>Auteur: M&rsquo;hammed rahal<br \/>\n<a href=\"http:\/\/albayane.press.ma\/onu-consultations-a-huis-clos-du-conseil-de-securite.html\">Cliquez ici pour lire l&rsquo;article depuis sa source.<\/a><\/p>\n","protected":false},"excerpt":{"rendered":"<p>Sahara marocain Le Conseil de s\u00e9curit\u00e9 de l\u2019ONU a tenu, mercredi \u00e0 New York, des consultations \u00e0 huis clos sur la question du Sahara marocain. Selon des sources diplomatiques \u00e0 New York, les membres du Conseil de s\u00e9curit\u00e9 ont re\u00e7u un briefing du Repr\u00e9sentant sp\u00e9cial du Secr\u00e9taire g\u00e9n\u00e9ral de l\u2019ONU pour le Sahara, Alexander Ivanko, [&hellip;]<\/p>\n","protected":false},"author":1760,"featured_media":0,"comment_status":"closed","ping_status":"closed","sticky":false,"template":"","format":"standard","meta":{"fifu_image_url":"","fifu_image_alt":"","footnotes":""},"categories":[73,54],"tags":[],"class_list":["post-130034","post","type-post","status-publish","format-standard","hentry","category-actualite","category-maroc"],"_links":{"self":[{"href":"https:\/\/linitiative.ca\/International\/wp-json\/wp\/v2\/posts\/130034","targetHints":{"allow":["GET"]}}],"collection":[{"href":"https:\/\/linitiative.ca\/International\/wp-json\/wp\/v2\/posts"}],"about":[{"href":"https:\/\/linitiative.ca\/International\/wp-json\/wp\/v2\/types\/post"}],"author":[{"embeddable":true,"href":"https:\/\/linitiative.ca\/International\/wp-json\/wp\/v2\/users\/1760"}],"replies":[{"embeddable":true,"href":"https:\/\/linitiative.ca\/International\/wp-json\/wp\/v2\/comments?post=130034"}],"version-history":[{"count":0,"href":"https:\/\/linitiative.ca\/International\/wp-json\/wp\/v2\/posts\/130034\/revisions"}],"wp:attachment":[{"href":"https:\/\/linitiative.ca\/International\/wp-json\/wp\/v2\/media?parent=130034"}],"wp:term":[{"taxonomy":"category","embeddable":true,"href":"https:\/\/linitiative.ca\/International\/wp-json\/wp\/v2\/categories?post=130034"},{"taxonomy":"post_tag","embeddable":true,"href":"https:\/\/linitiative.ca\/International\/wp-json\/wp\/v2\/tags?post=130034"}],"curies":[{"name":"wp","href":"https:\/\/api.w.org\/{rel}","templated":true}]}}