{"id":130039,"date":"2021-10-15T08:00:00","date_gmt":"2021-10-15T12:00:00","guid":{"rendered":"https:\/\/linitiative.ca\/International\/un-militaire-decede-et-deux-autres-blesses-aux-frontieres-ouest-du-pays\/"},"modified":"2021-10-15T08:00:00","modified_gmt":"2021-10-15T12:00:00","slug":"un-militaire-decede-et-deux-autres-blesses-aux-frontieres-ouest-du-pays","status":"publish","type":"post","link":"https:\/\/linitiative.ca\/International\/un-militaire-decede-et-deux-autres-blesses-aux-frontieres-ouest-du-pays\/","title":{"rendered":"Un militaire d\u00e9c\u00e9d\u00e9 et deux autres bless\u00e9s aux fronti\u00e8res ouest du pays"},"content":{"rendered":"<div>Un sergent contractuel est d\u00e9c\u00e9d\u00e9 alors qu\u2019un caporal-chef contractuel et un autre caporal contractuel ont \u00e9t\u00e9 bless\u00e9s, dans la soir\u00e9e de jeudi, apr\u00e8s l\u2019explosion d\u2019une  bombe de confection artisanale au passage d\u2019une patrouille&#8230;<\/div>\n<p>Auteur:<br \/>\n<a href=\"https:\/\/www.liberte-algerie.com\/actualite\/un-militaire-decede-et-deux-autres-blesses-aux-frontieres-ouest-du-pays-366640\">Cliquez ici pour lire l&rsquo;article depuis sa source.<\/a><\/p>\n","protected":false},"excerpt":{"rendered":"<p>Un sergent contractuel est d\u00e9c\u00e9d\u00e9 alors qu\u2019un caporal-chef contractuel et un autre caporal contractuel ont \u00e9t\u00e9 bless\u00e9s, dans la soir\u00e9e de jeudi, apr\u00e8s l\u2019explosion d\u2019une bombe de confection artisanale au passage d\u2019une patrouille&#8230; Auteur: Cliquez ici pour lire l&rsquo;article depuis sa source.<\/p>\n","protected":false},"author":1742,"featured_media":0,"comment_status":"closed","ping_status":"closed","sticky":false,"template":"","format":"standard","meta":{"fifu_image_url":"","fifu_image_alt":"","footnotes":""},"categories":[73,53],"tags":[],"class_list":["post-130039","post","type-post","status-publish","format-standard","hentry","category-actualite","category-algerie"],"_links":{"self":[{"href":"https:\/\/linitiative.ca\/International\/wp-json\/wp\/v2\/posts\/130039","targetHints":{"allow":["GET"]}}],"collection":[{"href":"https:\/\/linitiative.ca\/International\/wp-json\/wp\/v2\/posts"}],"about":[{"href":"https:\/\/linitiative.ca\/International\/wp-json\/wp\/v2\/types\/post"}],"author":[{"embeddable":true,"href":"https:\/\/linitiative.ca\/International\/wp-json\/wp\/v2\/users\/1742"}],"replies":[{"embeddable":true,"href":"https:\/\/linitiative.ca\/International\/wp-json\/wp\/v2\/comments?post=130039"}],"version-history":[{"count":0,"href":"https:\/\/linitiative.ca\/International\/wp-json\/wp\/v2\/posts\/130039\/revisions"}],"wp:attachment":[{"href":"https:\/\/linitiative.ca\/International\/wp-json\/wp\/v2\/media?parent=130039"}],"wp:term":[{"taxonomy":"category","embeddable":true,"href":"https:\/\/linitiative.ca\/International\/wp-json\/wp\/v2\/categories?post=130039"},{"taxonomy":"post_tag","embeddable":true,"href":"https:\/\/linitiative.ca\/International\/wp-json\/wp\/v2\/tags?post=130039"}],"curies":[{"name":"wp","href":"https:\/\/api.w.org\/{rel}","templated":true}]}}