{"id":130044,"date":"2021-10-15T11:02:21","date_gmt":"2021-10-15T15:02:21","guid":{"rendered":"https:\/\/linitiative.ca\/International\/france-fin-de-la-gratuite-des-tests-de-depistage-du-covid-19\/"},"modified":"2021-10-15T11:02:21","modified_gmt":"2021-10-15T15:02:21","slug":"france-fin-de-la-gratuite-des-tests-de-depistage-du-covid-19","status":"publish","type":"post","link":"https:\/\/linitiative.ca\/International\/france-fin-de-la-gratuite-des-tests-de-depistage-du-covid-19\/","title":{"rendered":"France : Fin de la gratuit\u00e9 des tests de d\u00e9pistage du Covid-19"},"content":{"rendered":"<div>\n<div class=\"field field-name-body field-type-text-with-summary field-label-hidden\">\n<div class=\"field-items\">\n<div class=\"field-item even\" property=\"content:encoded\">\n<p class=\"rtejustify\">A compter de ce vendredi, les tests de d\u00e9pistage du Covid-19, PCR ou antig\u00e9niques, vont devenir payants en France, \u00e0 l&rsquo;exception des tests prescrits pour raison m\u00e9dicale.<\/p>\n<p class=\"rtejustify\">La mesure, annonc\u00e9e en juillet dernier par le Pr\u00e9sident Emmanuel Macron, vise \u00e0 en finir avec les tests dits de \u00ab\u00a0confort\u00a0\u00bb, soit pour obtenir un pass valide pour pouvoir acc\u00e9der \u00e0 des lieux publics ou pour voyager. Dor\u00e9navant, ils couteront au minimum 44 euros pour un PCR et 22 euros pour un antig\u00e9nique.<\/p>\n<\/div>\n<\/div>\n<\/div>\n<\/div>\n<p>Auteur: mbasraoui<br \/>\n<a href=\"https:\/\/www.leconomiste.com\/flash-infos\/france-fin-de-la-gratuite-des-tests-de-depistage-du-covid-19\">Cliquez ici pour lire l&rsquo;article depuis sa source.<\/a><\/p>\n","protected":false},"excerpt":{"rendered":"<p>A compter de ce vendredi, les tests de d\u00e9pistage du Covid-19, PCR ou antig\u00e9niques, vont devenir payants en France, \u00e0 l&rsquo;exception des tests prescrits pour raison m\u00e9dicale. La mesure, annonc\u00e9e en juillet dernier par le Pr\u00e9sident Emmanuel Macron, vise \u00e0 en finir avec les tests dits de \u00ab\u00a0confort\u00a0\u00bb, soit pour obtenir un pass valide pour [&hellip;]<\/p>\n","protected":false},"author":1763,"featured_media":0,"comment_status":"closed","ping_status":"closed","sticky":false,"template":"","format":"standard","meta":{"fifu_image_url":"","fifu_image_alt":"","footnotes":""},"categories":[78,54],"tags":[],"class_list":["post-130044","post","type-post","status-publish","format-standard","hentry","category-economie","category-maroc"],"_links":{"self":[{"href":"https:\/\/linitiative.ca\/International\/wp-json\/wp\/v2\/posts\/130044","targetHints":{"allow":["GET"]}}],"collection":[{"href":"https:\/\/linitiative.ca\/International\/wp-json\/wp\/v2\/posts"}],"about":[{"href":"https:\/\/linitiative.ca\/International\/wp-json\/wp\/v2\/types\/post"}],"author":[{"embeddable":true,"href":"https:\/\/linitiative.ca\/International\/wp-json\/wp\/v2\/users\/1763"}],"replies":[{"embeddable":true,"href":"https:\/\/linitiative.ca\/International\/wp-json\/wp\/v2\/comments?post=130044"}],"version-history":[{"count":0,"href":"https:\/\/linitiative.ca\/International\/wp-json\/wp\/v2\/posts\/130044\/revisions"}],"wp:attachment":[{"href":"https:\/\/linitiative.ca\/International\/wp-json\/wp\/v2\/media?parent=130044"}],"wp:term":[{"taxonomy":"category","embeddable":true,"href":"https:\/\/linitiative.ca\/International\/wp-json\/wp\/v2\/categories?post=130044"},{"taxonomy":"post_tag","embeddable":true,"href":"https:\/\/linitiative.ca\/International\/wp-json\/wp\/v2\/tags?post=130044"}],"curies":[{"name":"wp","href":"https:\/\/api.w.org\/{rel}","templated":true}]}}