{"id":130048,"date":"2021-10-15T09:49:00","date_gmt":"2021-10-15T13:49:00","guid":{"rendered":"https:\/\/linitiative.ca\/International\/avenir-du-football-belmadi-invite-a-une-visioconference-organisee-par-la-fifa\/"},"modified":"2021-10-15T09:49:00","modified_gmt":"2021-10-15T13:49:00","slug":"avenir-du-football-belmadi-invite-a-une-visioconference-organisee-par-la-fifa","status":"publish","type":"post","link":"https:\/\/linitiative.ca\/International\/avenir-du-football-belmadi-invite-a-une-visioconference-organisee-par-la-fifa\/","title":{"rendered":"Avenir du football : Belmadi invit\u00e9 \u00e0 une visioconf\u00e9rence organis\u00e9e par la Fifa"},"content":{"rendered":"<div>Le s\u00e9lectionneur national, Djamel Belmadi, a re\u00e7u, au m\u00eame titre que ses coll\u00e8gues entra\u00eeneurs des \u00e9quipes nationales masculines, une invitation \u00e0 rejoindre un appel Zoom&#8230;<img loading=\"lazy\" decoding=\"async\" src=\"http:\/\/feeds.feedburner.com\/~r\/GalerieFArtciles\/~4\/U4CrRQZMgCI\" height=\"1\" width=\"1\" alt=\"\"><\/div>\n<p>Auteur:<br \/>\n<a href=\"http:\/\/www.lebuteur.com\/article\/detail?titre=avenir-du-football-belmadi-invite-a-une-visioconference-organisee-par-la-fifa&#038;id=101322&#038;utm_source=feedburner&#038;utm_medium=feed&#038;utm_campaign=Feed%3A+GalerieFArtciles+%28Les+derniers+articles++-+lebuteur.com%29\">Cliquez ici pour lire l&rsquo;article depuis sa source.<\/a><\/p>\n","protected":false},"excerpt":{"rendered":"<p>Le s\u00e9lectionneur national, Djamel Belmadi, a re\u00e7u, au m\u00eame titre que ses coll\u00e8gues entra\u00eeneurs des \u00e9quipes nationales masculines, une invitation \u00e0 rejoindre un appel Zoom&#8230; Auteur: Cliquez ici pour lire l&rsquo;article depuis sa source.<\/p>\n","protected":false},"author":1738,"featured_media":0,"comment_status":"closed","ping_status":"closed","sticky":false,"template":"","format":"standard","meta":{"fifu_image_url":"http:\/\/feeds.feedburner.com\/~r\/GalerieFArtciles\/~4\/U4CrRQZMgCI","fifu_image_alt":"Avenir du football : Belmadi invit\u00e9 \u00e0 une visioconf\u00e9rence organis\u00e9e par la Fifa","footnotes":""},"categories":[53,75],"tags":[],"class_list":["post-130048","post","type-post","status-publish","format-standard","hentry","category-algerie","category-sport"],"_links":{"self":[{"href":"https:\/\/linitiative.ca\/International\/wp-json\/wp\/v2\/posts\/130048","targetHints":{"allow":["GET"]}}],"collection":[{"href":"https:\/\/linitiative.ca\/International\/wp-json\/wp\/v2\/posts"}],"about":[{"href":"https:\/\/linitiative.ca\/International\/wp-json\/wp\/v2\/types\/post"}],"author":[{"embeddable":true,"href":"https:\/\/linitiative.ca\/International\/wp-json\/wp\/v2\/users\/1738"}],"replies":[{"embeddable":true,"href":"https:\/\/linitiative.ca\/International\/wp-json\/wp\/v2\/comments?post=130048"}],"version-history":[{"count":0,"href":"https:\/\/linitiative.ca\/International\/wp-json\/wp\/v2\/posts\/130048\/revisions"}],"wp:attachment":[{"href":"https:\/\/linitiative.ca\/International\/wp-json\/wp\/v2\/media?parent=130048"}],"wp:term":[{"taxonomy":"category","embeddable":true,"href":"https:\/\/linitiative.ca\/International\/wp-json\/wp\/v2\/categories?post=130048"},{"taxonomy":"post_tag","embeddable":true,"href":"https:\/\/linitiative.ca\/International\/wp-json\/wp\/v2\/tags?post=130048"}],"curies":[{"name":"wp","href":"https:\/\/api.w.org\/{rel}","templated":true}]}}