{"id":130050,"date":"2021-10-15T04:00:00","date_gmt":"2021-10-15T08:00:00","guid":{"rendered":"https:\/\/linitiative.ca\/International\/mehdi-jomaa-ancien-chef-du-gouvernement-2014-angela-merkel-toujours-a-lecoute-de-la-tunisie\/"},"modified":"2021-10-15T04:00:00","modified_gmt":"2021-10-15T08:00:00","slug":"mehdi-jomaa-ancien-chef-du-gouvernement-2014-angela-merkel-toujours-a-lecoute-de-la-tunisie","status":"publish","type":"post","link":"https:\/\/linitiative.ca\/International\/mehdi-jomaa-ancien-chef-du-gouvernement-2014-angela-merkel-toujours-a-lecoute-de-la-tunisie\/","title":{"rendered":"Mehdi Jomaa, ancien Chef du gouvernement (2014): Angela Merkel toujours \u00e0 l\u2019\u00e9coute de la Tunisie"},"content":{"rendered":"<div><img decoding=\"async\" src=\"https:\/\/linitiative.ca\/International\/wp-content\/uploads\/sites\/23\/2021\/10\/1634203003_article.jpg\" alt=\"Mehdi Jomaa, ancien Chef du gouvernement (2014): Toujours \u00e0 l\u2019\u00e9coute de la Tunisie\" align=\"left\">Ma rencontre avec la Chanceli\u00e8re Angela Merkel s\u2019est d\u00e9roul\u00e9e le 18 juin 2014 \u00e0 la Chancellerie, \u00e0 Berlin, o\u00f9 je me rendais en visite officielle pour relancer la coop\u00e9ration tuniso-allemande apr\u00e8s la crise que la Tunisie a travers\u00e9e en 2013. M\u00eame si la Chanceli\u00e8re \u00e9tait parfaitement au fait des contraintes auxquelles notre pays \u00e9tait confront\u00e9, elle a n\u00e9anmoins manifest\u00e9 un int\u00e9r\u00eat clair \u00e0 \u00e9couter mes commentaires et le message que j\u2019apportais.<br \/>\nAu cours de cet entretien, j\u2019ai pu appr\u00e9cier son approche et son raisonnement scientifique tout autant que son sens aigu de l\u2019Etat et son attachement in\u00e9branlable aux valeurs fondamentales dont notamment celle de la &#8230;<\/p>\n<\/div>\n<p>Auteur:<br \/>\n<a href=\"https:\/\/www.leaders.com.tn\/article\/32530-mehdi-jomaa-ancien-chef-du-gouvernement-2014-toujours-a-l-ecoute-de-la-tunisie\">Cliquez ici pour lire l&rsquo;article depuis sa source.<\/a><\/p>\n","protected":false},"excerpt":{"rendered":"<p>Ma rencontre avec la Chanceli\u00e8re Angela Merkel s\u2019est d\u00e9roul\u00e9e le 18 juin 2014 \u00e0 la Chancellerie, \u00e0 Berlin, o\u00f9 je me rendais en visite officielle pour relancer la coop\u00e9ration tuniso-allemande apr\u00e8s la crise que la Tunisie a travers\u00e9e en 2013. M\u00eame si la Chanceli\u00e8re \u00e9tait parfaitement au fait des contraintes auxquelles notre pays \u00e9tait confront\u00e9, [&hellip;]<\/p>\n","protected":false},"author":1772,"featured_media":0,"comment_status":"closed","ping_status":"closed","sticky":false,"template":"","format":"standard","meta":{"fifu_image_url":"http:\/\/www.leaders.com.tn\/uploads\/content\/thumbnails_small\/1634203003_article.jpg","fifu_image_alt":"Mehdi Jomaa, ancien Chef du gouvernement (2014): Angela Merkel toujours \u00e0 l\u2019\u00e9coute de la Tunisie","footnotes":""},"categories":[73,55],"tags":[],"class_list":["post-130050","post","type-post","status-publish","format-standard","hentry","category-actualite","category-tunisie"],"_links":{"self":[{"href":"https:\/\/linitiative.ca\/International\/wp-json\/wp\/v2\/posts\/130050","targetHints":{"allow":["GET"]}}],"collection":[{"href":"https:\/\/linitiative.ca\/International\/wp-json\/wp\/v2\/posts"}],"about":[{"href":"https:\/\/linitiative.ca\/International\/wp-json\/wp\/v2\/types\/post"}],"author":[{"embeddable":true,"href":"https:\/\/linitiative.ca\/International\/wp-json\/wp\/v2\/users\/1772"}],"replies":[{"embeddable":true,"href":"https:\/\/linitiative.ca\/International\/wp-json\/wp\/v2\/comments?post=130050"}],"version-history":[{"count":0,"href":"https:\/\/linitiative.ca\/International\/wp-json\/wp\/v2\/posts\/130050\/revisions"}],"wp:attachment":[{"href":"https:\/\/linitiative.ca\/International\/wp-json\/wp\/v2\/media?parent=130050"}],"wp:term":[{"taxonomy":"category","embeddable":true,"href":"https:\/\/linitiative.ca\/International\/wp-json\/wp\/v2\/categories?post=130050"},{"taxonomy":"post_tag","embeddable":true,"href":"https:\/\/linitiative.ca\/International\/wp-json\/wp\/v2\/tags?post=130050"}],"curies":[{"name":"wp","href":"https:\/\/api.w.org\/{rel}","templated":true}]}}