{"id":130054,"date":"2021-10-15T14:38:00","date_gmt":"2021-10-15T18:38:00","guid":{"rendered":"https:\/\/linitiative.ca\/International\/hajer-el-ouardani\/"},"modified":"2021-10-15T14:38:00","modified_gmt":"2021-10-15T18:38:00","slug":"hajer-el-ouardani","status":"publish","type":"post","link":"https:\/\/linitiative.ca\/International\/hajer-el-ouardani\/","title":{"rendered":"Hajer El Ouardani"},"content":{"rendered":"<div><img decoding=\"async\" src=\"https:\/\/linitiative.ca\/International\/wp-content\/uploads\/sites\/23\/2021\/10\/1634319520_article.jpg\" alt=\"Hajer El Ouardani\" align=\"left\">Hajer El Ouardani a obtenu son doctorat en \u00e9conomie \u00e0 l&rsquo;Universit\u00e9 de Nice Sophia Antipolis, en France, en 2002. Depuis 2002, Mme Hajer El Ouardani a rejoint le d\u00e9partement d&rsquo;\u00e9conomie de l&rsquo;\u00c9cole Sup\u00e9rieure des Sciences Economiques et Commerciale de Tunis (Universit\u00e9 de Tunis). De d\u00e9cembre 2017 \u00e0 D\u00e9cembre 2020 elle dirige le \u00ab\u00a0D\u00e9partement d&rsquo;\u00e9conomie et de m\u00e9thodes quantitatives\u00a0\u00bb de l&rsquo;\u00c9cole Sup\u00e9rieure des Sciences Economiques et Commerciale de Tunis (Universit\u00e9 de Tunis).\u00a0<br \/>\nLes recherches de Mme El Ouardani portent sur l\u2019analyse des politiques macro\u00e9conomiques et le march\u00e9 du travail. Elle est co-auteur de deux rapports FEMISE sur les \u00e9conomies de la r\u00e9gion MENA et de &#8230;<\/p>\n<\/div>\n<p>Auteur:<br \/>\n<a href=\"https:\/\/www.leaders.com.tn\/article\/32536-hajer-el-ouardani\">Cliquez ici pour lire l&rsquo;article depuis sa source.<\/a><\/p>\n","protected":false},"excerpt":{"rendered":"<p>Hajer El Ouardani a obtenu son doctorat en \u00e9conomie \u00e0 l&rsquo;Universit\u00e9 de Nice Sophia Antipolis, en France, en 2002. Depuis 2002, Mme Hajer El Ouardani a rejoint le d\u00e9partement d&rsquo;\u00e9conomie de l&rsquo;\u00c9cole Sup\u00e9rieure des Sciences Economiques et Commerciale de Tunis (Universit\u00e9 de Tunis). De d\u00e9cembre 2017 \u00e0 D\u00e9cembre 2020 elle dirige le \u00ab\u00a0D\u00e9partement d&rsquo;\u00e9conomie et [&hellip;]<\/p>\n","protected":false},"author":1772,"featured_media":0,"comment_status":"closed","ping_status":"closed","sticky":false,"template":"","format":"standard","meta":{"fifu_image_url":"http:\/\/www.leaders.com.tn\/uploads\/content\/thumbnails_small\/1634319520_article.jpg","fifu_image_alt":"Hajer El Ouardani","footnotes":""},"categories":[73,55],"tags":[],"class_list":["post-130054","post","type-post","status-publish","format-standard","hentry","category-actualite","category-tunisie"],"_links":{"self":[{"href":"https:\/\/linitiative.ca\/International\/wp-json\/wp\/v2\/posts\/130054","targetHints":{"allow":["GET"]}}],"collection":[{"href":"https:\/\/linitiative.ca\/International\/wp-json\/wp\/v2\/posts"}],"about":[{"href":"https:\/\/linitiative.ca\/International\/wp-json\/wp\/v2\/types\/post"}],"author":[{"embeddable":true,"href":"https:\/\/linitiative.ca\/International\/wp-json\/wp\/v2\/users\/1772"}],"replies":[{"embeddable":true,"href":"https:\/\/linitiative.ca\/International\/wp-json\/wp\/v2\/comments?post=130054"}],"version-history":[{"count":0,"href":"https:\/\/linitiative.ca\/International\/wp-json\/wp\/v2\/posts\/130054\/revisions"}],"wp:attachment":[{"href":"https:\/\/linitiative.ca\/International\/wp-json\/wp\/v2\/media?parent=130054"}],"wp:term":[{"taxonomy":"category","embeddable":true,"href":"https:\/\/linitiative.ca\/International\/wp-json\/wp\/v2\/categories?post=130054"},{"taxonomy":"post_tag","embeddable":true,"href":"https:\/\/linitiative.ca\/International\/wp-json\/wp\/v2\/tags?post=130054"}],"curies":[{"name":"wp","href":"https:\/\/api.w.org\/{rel}","templated":true}]}}