{"id":130056,"date":"2021-10-15T11:20:00","date_gmt":"2021-10-15T15:20:00","guid":{"rendered":"https:\/\/linitiative.ca\/International\/norme-antipollution-le-maroc-passe-officiellement-au-carburant-euro-6-des-2022\/"},"modified":"2021-10-15T11:20:00","modified_gmt":"2021-10-15T15:20:00","slug":"norme-antipollution-le-maroc-passe-officiellement-au-carburant-euro-6-des-2022","status":"publish","type":"post","link":"https:\/\/linitiative.ca\/International\/norme-antipollution-le-maroc-passe-officiellement-au-carburant-euro-6-des-2022\/","title":{"rendered":"Norme antipollution. Le Maroc passe officiellement au carburant Euro 6           d\u00e8s 2022"},"content":{"rendered":"<div><img decoding=\"async\" width=\"768\" height=\"462\" src=\"https:\/\/linitiative.ca\/International\/wp-content\/uploads\/sites\/23\/2021\/10\/Norme-Euro-6-768x519-1.jpg\" class=\"attachment-post-thumbnail size-post-thumbnail wp-post-image\" alt=\"\" loading=\"lazy\" srcset=\"https:\/\/linitiative.ca\/International\/wp-content\/uploads\/sites\/23\/2021\/10\/Norme-Euro-6-768x519-1.jpg 768w, https:\/\/www.challenge.ma\/wp-content\/uploads\/2021\/10\/Norme-Euro-6-768x519-1-300x180.jpg 300w, https:\/\/www.challenge.ma\/wp-content\/uploads\/2021\/10\/Norme-Euro-6-768x519-1-360x217.jpg 360w, https:\/\/www.challenge.ma\/wp-content\/uploads\/2021\/10\/Norme-Euro-6-768x519-1-750x451.jpg 750w\" sizes=\"auto, (max-width: 768px) 100vw, 768px\" itemprop=\"image\">L\u2019Association des importateurs de v\u00e9hicules au Maroc (Aivam) a annonc\u00e9 l\u2019arriv\u00e9e dans le Royaume du carburant Euro 6 en janvier prochain. Il sera suivi dans la foul\u00e9e en janvier 2023 de la norme Euro 6 b.\u00a0 Limiter les \u00e9missions de certains gaz polluants\u00a0provenant de v\u00e9hicules routiers en obligeant les constructeurs<\/div>\n<p>Auteur: David J\u00e9r\u00e9mie<br \/>\n<a href=\"https:\/\/www.challenge.ma\/norme-antipollution-le-maroc-passe-officiellement-a-leuro-6-des-2022-223698\/\">Cliquez ici pour lire l&rsquo;article depuis sa source.<\/a><\/p>\n","protected":false},"excerpt":{"rendered":"<p>L\u2019Association des importateurs de v\u00e9hicules au Maroc (Aivam) a annonc\u00e9 l\u2019arriv\u00e9e dans le Royaume du carburant Euro 6 en janvier prochain. Il sera suivi dans la foul\u00e9e en janvier 2023 de la norme Euro 6 b.\u00a0 Limiter les \u00e9missions de certains gaz polluants\u00a0provenant de v\u00e9hicules routiers en obligeant les constructeurs Auteur: David J\u00e9r\u00e9mie Cliquez ici [&hellip;]<\/p>\n","protected":false},"author":1787,"featured_media":0,"comment_status":"closed","ping_status":"closed","sticky":false,"template":"","format":"standard","meta":{"fifu_image_url":"https:\/\/www.challenge.ma\/wp-content\/uploads\/2021\/10\/Norme-Euro-6-768x519-1.jpg","fifu_image_alt":"Norme antipollution. Le Maroc passe officiellement au carburant Euro 6           d\u00e8s 2022","footnotes":""},"categories":[78,54],"tags":[],"class_list":["post-130056","post","type-post","status-publish","format-standard","hentry","category-economie","category-maroc"],"_links":{"self":[{"href":"https:\/\/linitiative.ca\/International\/wp-json\/wp\/v2\/posts\/130056","targetHints":{"allow":["GET"]}}],"collection":[{"href":"https:\/\/linitiative.ca\/International\/wp-json\/wp\/v2\/posts"}],"about":[{"href":"https:\/\/linitiative.ca\/International\/wp-json\/wp\/v2\/types\/post"}],"author":[{"embeddable":true,"href":"https:\/\/linitiative.ca\/International\/wp-json\/wp\/v2\/users\/1787"}],"replies":[{"embeddable":true,"href":"https:\/\/linitiative.ca\/International\/wp-json\/wp\/v2\/comments?post=130056"}],"version-history":[{"count":0,"href":"https:\/\/linitiative.ca\/International\/wp-json\/wp\/v2\/posts\/130056\/revisions"}],"wp:attachment":[{"href":"https:\/\/linitiative.ca\/International\/wp-json\/wp\/v2\/media?parent=130056"}],"wp:term":[{"taxonomy":"category","embeddable":true,"href":"https:\/\/linitiative.ca\/International\/wp-json\/wp\/v2\/categories?post=130056"},{"taxonomy":"post_tag","embeddable":true,"href":"https:\/\/linitiative.ca\/International\/wp-json\/wp\/v2\/tags?post=130056"}],"curies":[{"name":"wp","href":"https:\/\/api.w.org\/{rel}","templated":true}]}}