{"id":130062,"date":"2021-10-15T12:39:49","date_gmt":"2021-10-15T16:39:49","guid":{"rendered":"https:\/\/linitiative.ca\/International\/ald-automotive-maroc-fait-son-bilan-et-devoile-ses-ambitions-futures\/"},"modified":"2021-10-15T12:39:49","modified_gmt":"2021-10-15T16:39:49","slug":"ald-automotive-maroc-fait-son-bilan-et-devoile-ses-ambitions-futures","status":"publish","type":"post","link":"https:\/\/linitiative.ca\/International\/ald-automotive-maroc-fait-son-bilan-et-devoile-ses-ambitions-futures\/","title":{"rendered":"ALD Automotive Maroc fait son bilan et d\u00e9voile ses ambitions futures"},"content":{"rendered":"<div><img decoding=\"async\" width=\"600\" height=\"411\" src=\"https:\/\/linitiative.ca\/International\/wp-content\/uploads\/sites\/23\/2021\/10\/Tachfine-BEKKARI-PDG-ALD-AUTOMOTIVE-MAROC-708-x-1063-600-x-411.jpg\" class=\"attachment-post-thumbnail size-post-thumbnail wp-post-image\" alt=\"\" loading=\"lazy\" srcset=\"https:\/\/linitiative.ca\/International\/wp-content\/uploads\/sites\/23\/2021\/10\/Tachfine-BEKKARI-PDG-ALD-AUTOMOTIVE-MAROC-708-x-1063-600-x-411.jpg 600w, https:\/\/www.challenge.ma\/wp-content\/uploads\/2021\/10\/Tachfine-BEKKARI-PDG-ALD-AUTOMOTIVE-MAROC-708-x-1063-600-x-411-300x206.jpg 300w, https:\/\/www.challenge.ma\/wp-content\/uploads\/2021\/10\/Tachfine-BEKKARI-PDG-ALD-AUTOMOTIVE-MAROC-708-x-1063-600-x-411-360x247.jpg 360w\" sizes=\"auto, (max-width: 600px) 100vw, 600px\" itemprop=\"image\">ALD Automotive Maroc vient fra\u00eechement de souffler ses vingt ans de pr\u00e9sence dans le Royaume. L\u2019occasion pour le sp\u00e9cialiste de la location longue dur\u00e9e, qui entend poursuivre son d\u00e9veloppement, de d\u00e9voiler quelques grandes lignes de sa strat\u00e9gie future. Avec une flotte de plus de 10\u00a0300 v\u00e9hicules et un portefeuille qui<\/div>\n<p>Auteur: David J\u00e9r\u00e9mie<br \/>\n<a href=\"https:\/\/www.challenge.ma\/ald-automotive-maroc-fait-son-bilan-et-devoile-ses-ambitions-futures-223688\/\">Cliquez ici pour lire l&rsquo;article depuis sa source.<\/a><\/p>\n","protected":false},"excerpt":{"rendered":"<p>ALD Automotive Maroc vient fra\u00eechement de souffler ses vingt ans de pr\u00e9sence dans le Royaume. L\u2019occasion pour le sp\u00e9cialiste de la location longue dur\u00e9e, qui entend poursuivre son d\u00e9veloppement, de d\u00e9voiler quelques grandes lignes de sa strat\u00e9gie future. Avec une flotte de plus de 10\u00a0300 v\u00e9hicules et un portefeuille qui Auteur: David J\u00e9r\u00e9mie Cliquez ici [&hellip;]<\/p>\n","protected":false},"author":1787,"featured_media":0,"comment_status":"closed","ping_status":"closed","sticky":false,"template":"","format":"standard","meta":{"fifu_image_url":"https:\/\/www.challenge.ma\/wp-content\/uploads\/2021\/10\/Tachfine-BEKKARI-PDG-ALD-AUTOMOTIVE-MAROC-708-x-1063-600-x-411.jpg","fifu_image_alt":"ALD Automotive Maroc fait son bilan et d\u00e9voile ses ambitions futures","footnotes":""},"categories":[78,54],"tags":[],"class_list":["post-130062","post","type-post","status-publish","format-standard","hentry","category-economie","category-maroc"],"_links":{"self":[{"href":"https:\/\/linitiative.ca\/International\/wp-json\/wp\/v2\/posts\/130062","targetHints":{"allow":["GET"]}}],"collection":[{"href":"https:\/\/linitiative.ca\/International\/wp-json\/wp\/v2\/posts"}],"about":[{"href":"https:\/\/linitiative.ca\/International\/wp-json\/wp\/v2\/types\/post"}],"author":[{"embeddable":true,"href":"https:\/\/linitiative.ca\/International\/wp-json\/wp\/v2\/users\/1787"}],"replies":[{"embeddable":true,"href":"https:\/\/linitiative.ca\/International\/wp-json\/wp\/v2\/comments?post=130062"}],"version-history":[{"count":0,"href":"https:\/\/linitiative.ca\/International\/wp-json\/wp\/v2\/posts\/130062\/revisions"}],"wp:attachment":[{"href":"https:\/\/linitiative.ca\/International\/wp-json\/wp\/v2\/media?parent=130062"}],"wp:term":[{"taxonomy":"category","embeddable":true,"href":"https:\/\/linitiative.ca\/International\/wp-json\/wp\/v2\/categories?post=130062"},{"taxonomy":"post_tag","embeddable":true,"href":"https:\/\/linitiative.ca\/International\/wp-json\/wp\/v2\/tags?post=130062"}],"curies":[{"name":"wp","href":"https:\/\/api.w.org\/{rel}","templated":true}]}}