{"id":130064,"date":"2021-10-15T16:23:32","date_gmt":"2021-10-15T20:23:32","guid":{"rendered":"https:\/\/linitiative.ca\/International\/aid-al-mawlid-un-ou-deux-jours-feries-que-prevoit-la-loi\/"},"modified":"2021-10-15T16:23:32","modified_gmt":"2021-10-15T20:23:32","slug":"aid-al-mawlid-un-ou-deux-jours-feries-que-prevoit-la-loi","status":"publish","type":"post","link":"https:\/\/linitiative.ca\/International\/aid-al-mawlid-un-ou-deux-jours-feries-que-prevoit-la-loi\/","title":{"rendered":"Aid Al Mawlid, un ou deux jours f\u00e9ri\u00e9s ? Que pr\u00e9voit la loi ?"},"content":{"rendered":"<div><img decoding=\"async\" width=\"700\" height=\"384\" src=\"https:\/\/linitiative.ca\/International\/wp-content\/uploads\/sites\/23\/2021\/10\/aidi.jpg\" class=\"attachment-post-thumbnail size-post-thumbnail wp-post-image\" alt=\"\" loading=\"lazy\" srcset=\"https:\/\/linitiative.ca\/International\/wp-content\/uploads\/sites\/23\/2021\/10\/aidi.jpg 700w, https:\/\/www.challenge.ma\/wp-content\/uploads\/2021\/10\/aidi-300x165.jpg 300w, https:\/\/www.challenge.ma\/wp-content\/uploads\/2021\/10\/aidi-360x197.jpg 360w\" sizes=\"auto, (max-width: 700px) 100vw, 700px\" itemprop=\"image\">Aid Al Mawlid sera c\u00e9l\u00e9br\u00e9 ce mardi 19 Octobre au Maroc. Chaque ann\u00e9e, les employ\u00e9s se posent la question s\u2019ils auront droit \u00e0 un ou deux jours de cong\u00e9. Seuls les salari\u00e9s des \u00e9tablissements publics ont droit \u00e0 deux jours de cong\u00e9s pay\u00e9s, le jour de la f\u00eate et le<\/div>\n<p>Auteur: challenge<br \/>\n<a href=\"https:\/\/www.challenge.ma\/aid-al-mawlid-un-ou-deux-jours-feries-que-prevoit-la-loi-223685\/\">Cliquez ici pour lire l&rsquo;article depuis sa source.<\/a><\/p>\n","protected":false},"excerpt":{"rendered":"<p>Aid Al Mawlid sera c\u00e9l\u00e9br\u00e9 ce mardi 19 Octobre au Maroc. Chaque ann\u00e9e, les employ\u00e9s se posent la question s\u2019ils auront droit \u00e0 un ou deux jours de cong\u00e9. Seuls les salari\u00e9s des \u00e9tablissements publics ont droit \u00e0 deux jours de cong\u00e9s pay\u00e9s, le jour de la f\u00eate et le Auteur: challenge Cliquez ici pour [&hellip;]<\/p>\n","protected":false},"author":1787,"featured_media":0,"comment_status":"closed","ping_status":"closed","sticky":false,"template":"","format":"standard","meta":{"fifu_image_url":"https:\/\/www.challenge.ma\/wp-content\/uploads\/2021\/10\/aidi.jpg","fifu_image_alt":"Aid Al Mawlid, un ou deux jours f\u00e9ri\u00e9s ? Que pr\u00e9voit la loi ?","footnotes":""},"categories":[78,54],"tags":[],"class_list":["post-130064","post","type-post","status-publish","format-standard","hentry","category-economie","category-maroc"],"_links":{"self":[{"href":"https:\/\/linitiative.ca\/International\/wp-json\/wp\/v2\/posts\/130064","targetHints":{"allow":["GET"]}}],"collection":[{"href":"https:\/\/linitiative.ca\/International\/wp-json\/wp\/v2\/posts"}],"about":[{"href":"https:\/\/linitiative.ca\/International\/wp-json\/wp\/v2\/types\/post"}],"author":[{"embeddable":true,"href":"https:\/\/linitiative.ca\/International\/wp-json\/wp\/v2\/users\/1787"}],"replies":[{"embeddable":true,"href":"https:\/\/linitiative.ca\/International\/wp-json\/wp\/v2\/comments?post=130064"}],"version-history":[{"count":0,"href":"https:\/\/linitiative.ca\/International\/wp-json\/wp\/v2\/posts\/130064\/revisions"}],"wp:attachment":[{"href":"https:\/\/linitiative.ca\/International\/wp-json\/wp\/v2\/media?parent=130064"}],"wp:term":[{"taxonomy":"category","embeddable":true,"href":"https:\/\/linitiative.ca\/International\/wp-json\/wp\/v2\/categories?post=130064"},{"taxonomy":"post_tag","embeddable":true,"href":"https:\/\/linitiative.ca\/International\/wp-json\/wp\/v2\/tags?post=130064"}],"curies":[{"name":"wp","href":"https:\/\/api.w.org\/{rel}","templated":true}]}}