{"id":130068,"date":"2021-10-15T16:05:00","date_gmt":"2021-10-15T20:05:00","guid":{"rendered":"https:\/\/linitiative.ca\/International\/tunisie-moncef-marzouki-sous-le-coup-dune-enquete-judiciaire\/"},"modified":"2021-10-15T16:05:00","modified_gmt":"2021-10-15T20:05:00","slug":"tunisie-moncef-marzouki-sous-le-coup-dune-enquete-judiciaire","status":"publish","type":"post","link":"https:\/\/linitiative.ca\/International\/tunisie-moncef-marzouki-sous-le-coup-dune-enquete-judiciaire\/","title":{"rendered":"Tunisie \u2013 Moncef Marzouki sous le coup d\u2019une enqu\u00eate judiciaire"},"content":{"rendered":"<div>\n<p>Le porte parole de la cour d\u2019appel de Tunis a assur\u00e9 qu\u2019une enqu\u00eate judiciaire a \u00e9t\u00e9 ouverte \u00e0 l\u2019encontre de l\u2019ex-pr\u00e9sident provisoire Moncef Marzouki, suite \u00e0 ses derni\u00e8res d\u00e9clarations concernant son recours \u00e0 des puissances \u00e9trang\u00e8res pour contrer son pays. Cette mesure a \u00e9t\u00e9 d\u00e9clench\u00e9e sur ordre du procureur g\u00e9n\u00e9ral de la cour d\u2019appel au [\u2026]<\/p>\n<p>L\u2019article <a href=\"https:\/\/www.tunisienumerique.com\/tunisie-moncef-marzouki-sous-le-coup-dune-enquete-judiciaire\/\">Tunisie \u2013 Moncef Marzouki sous le coup d\u2019une enqu\u00eate judiciaire<\/a> est apparu en premier sur <a href=\"https:\/\/www.tunisienumerique.com\/\">Tunisie<\/a>.<\/p>\n<\/div>\n<p>Auteur: LM<br \/>\n<a href=\"https:\/\/www.tunisienumerique.com\/tunisie-moncef-marzouki-sous-le-coup-dune-enquete-judiciaire\/\">Cliquez ici pour lire l&rsquo;article depuis sa source.<\/a><\/p>\n","protected":false},"excerpt":{"rendered":"<p>Le porte parole de la cour d\u2019appel de Tunis a assur\u00e9 qu\u2019une enqu\u00eate judiciaire a \u00e9t\u00e9 ouverte \u00e0 l\u2019encontre de l\u2019ex-pr\u00e9sident provisoire Moncef Marzouki, suite \u00e0 ses derni\u00e8res d\u00e9clarations concernant son recours \u00e0 des puissances \u00e9trang\u00e8res pour contrer son pays. Cette mesure a \u00e9t\u00e9 d\u00e9clench\u00e9e sur ordre du procureur g\u00e9n\u00e9ral de la cour d\u2019appel au [&hellip;]<\/p>\n","protected":false},"author":1789,"featured_media":0,"comment_status":"closed","ping_status":"closed","sticky":false,"template":"","format":"standard","meta":{"fifu_image_url":"","fifu_image_alt":"","footnotes":""},"categories":[73,55],"tags":[],"class_list":["post-130068","post","type-post","status-publish","format-standard","hentry","category-actualite","category-tunisie"],"_links":{"self":[{"href":"https:\/\/linitiative.ca\/International\/wp-json\/wp\/v2\/posts\/130068","targetHints":{"allow":["GET"]}}],"collection":[{"href":"https:\/\/linitiative.ca\/International\/wp-json\/wp\/v2\/posts"}],"about":[{"href":"https:\/\/linitiative.ca\/International\/wp-json\/wp\/v2\/types\/post"}],"author":[{"embeddable":true,"href":"https:\/\/linitiative.ca\/International\/wp-json\/wp\/v2\/users\/1789"}],"replies":[{"embeddable":true,"href":"https:\/\/linitiative.ca\/International\/wp-json\/wp\/v2\/comments?post=130068"}],"version-history":[{"count":0,"href":"https:\/\/linitiative.ca\/International\/wp-json\/wp\/v2\/posts\/130068\/revisions"}],"wp:attachment":[{"href":"https:\/\/linitiative.ca\/International\/wp-json\/wp\/v2\/media?parent=130068"}],"wp:term":[{"taxonomy":"category","embeddable":true,"href":"https:\/\/linitiative.ca\/International\/wp-json\/wp\/v2\/categories?post=130068"},{"taxonomy":"post_tag","embeddable":true,"href":"https:\/\/linitiative.ca\/International\/wp-json\/wp\/v2\/tags?post=130068"}],"curies":[{"name":"wp","href":"https:\/\/api.w.org\/{rel}","templated":true}]}}