{"id":130069,"date":"2021-10-15T16:35:13","date_gmt":"2021-10-15T20:35:13","guid":{"rendered":"https:\/\/linitiative.ca\/International\/tunisie-audio-salaires-de-novembre-non-disponibles-si-le-ministre-la-dit-cest-que-ca-doit-etre-vrai\/"},"modified":"2021-10-15T16:35:13","modified_gmt":"2021-10-15T20:35:13","slug":"tunisie-audio-salaires-de-novembre-non-disponibles-si-le-ministre-la-dit-cest-que-ca-doit-etre-vrai","status":"publish","type":"post","link":"https:\/\/linitiative.ca\/International\/tunisie-audio-salaires-de-novembre-non-disponibles-si-le-ministre-la-dit-cest-que-ca-doit-etre-vrai\/","title":{"rendered":"Tunisie \u2013 AUDIO\u00a0: Salaires de novembre non disponibles\u00a0: Si le ministre l\u2019a dit c\u2019est que \u00e7\u00e0 doit \u00eatre vrai\u00a0!"},"content":{"rendered":"<div>\n<p>Le ministre de l\u2019\u00e9ducation Fathi Sellaouti a jet\u00e9, ce vendredi, un pav\u00e9 dans la mare. Il a annonc\u00e9 en pleine r\u00e9union avec quelques uns de ses cadres, que les salaires du mois d\u2019octobre sont disponibles mais pour ce qui est du mois de novembre, rien n\u2019est garanti. Une d\u00e9claration qui a eu un effet de [\u2026]<\/p>\n<p>L\u2019article <a href=\"https:\/\/www.tunisienumerique.com\/tunisie-audio-salaires-de-novembre-non-disponibles-si-le-ministre-la-dit-cest-que-ca-doit-etre-vrai\/\">Tunisie \u2013 AUDIO\u00a0: Salaires de novembre non disponibles\u00a0: Si le ministre l\u2019a dit c\u2019est que \u00e7\u00e0 doit \u00eatre vrai\u00a0!<\/a> est apparu en premier sur <a href=\"https:\/\/www.tunisienumerique.com\/\">Tunisie<\/a>.<\/p>\n<\/div>\n<p>Auteur: Saber .<br \/>\n<a href=\"https:\/\/www.tunisienumerique.com\/tunisie-audio-salaires-de-novembre-non-disponibles-si-le-ministre-la-dit-cest-que-ca-doit-etre-vrai\/\">Cliquez ici pour lire l&rsquo;article depuis sa source.<\/a><\/p>\n","protected":false},"excerpt":{"rendered":"<p>Le ministre de l\u2019\u00e9ducation Fathi Sellaouti a jet\u00e9, ce vendredi, un pav\u00e9 dans la mare. Il a annonc\u00e9 en pleine r\u00e9union avec quelques uns de ses cadres, que les salaires du mois d\u2019octobre sont disponibles mais pour ce qui est du mois de novembre, rien n\u2019est garanti. Une d\u00e9claration qui a eu un effet de [&hellip;]<\/p>\n","protected":false},"author":1789,"featured_media":0,"comment_status":"closed","ping_status":"closed","sticky":false,"template":"","format":"standard","meta":{"fifu_image_url":"","fifu_image_alt":"","footnotes":""},"categories":[73,55],"tags":[],"class_list":["post-130069","post","type-post","status-publish","format-standard","hentry","category-actualite","category-tunisie"],"_links":{"self":[{"href":"https:\/\/linitiative.ca\/International\/wp-json\/wp\/v2\/posts\/130069","targetHints":{"allow":["GET"]}}],"collection":[{"href":"https:\/\/linitiative.ca\/International\/wp-json\/wp\/v2\/posts"}],"about":[{"href":"https:\/\/linitiative.ca\/International\/wp-json\/wp\/v2\/types\/post"}],"author":[{"embeddable":true,"href":"https:\/\/linitiative.ca\/International\/wp-json\/wp\/v2\/users\/1789"}],"replies":[{"embeddable":true,"href":"https:\/\/linitiative.ca\/International\/wp-json\/wp\/v2\/comments?post=130069"}],"version-history":[{"count":0,"href":"https:\/\/linitiative.ca\/International\/wp-json\/wp\/v2\/posts\/130069\/revisions"}],"wp:attachment":[{"href":"https:\/\/linitiative.ca\/International\/wp-json\/wp\/v2\/media?parent=130069"}],"wp:term":[{"taxonomy":"category","embeddable":true,"href":"https:\/\/linitiative.ca\/International\/wp-json\/wp\/v2\/categories?post=130069"},{"taxonomy":"post_tag","embeddable":true,"href":"https:\/\/linitiative.ca\/International\/wp-json\/wp\/v2\/tags?post=130069"}],"curies":[{"name":"wp","href":"https:\/\/api.w.org\/{rel}","templated":true}]}}