{"id":130070,"date":"2021-10-15T16:52:45","date_gmt":"2021-10-15T20:52:45","guid":{"rendered":"https:\/\/linitiative.ca\/International\/tunisie-gordon-gray-saied-ne-reconnait-pas-la-separation-des-pouvoirs\/"},"modified":"2021-10-15T16:52:45","modified_gmt":"2021-10-15T20:52:45","slug":"tunisie-gordon-gray-saied-ne-reconnait-pas-la-separation-des-pouvoirs","status":"publish","type":"post","link":"https:\/\/linitiative.ca\/International\/tunisie-gordon-gray-saied-ne-reconnait-pas-la-separation-des-pouvoirs\/","title":{"rendered":"Tunisie \u2013 Gordon Gray\u00a0: Sa\u00efed ne reconnait pas la s\u00e9paration des pouvoirs"},"content":{"rendered":"<div>\n<p>L\u2019ancien ambassadeur US \u00e0 Tunis, Gordon Gray a publi\u00e9 sur sa page facebook, un post, dans lequel il dit que la convocation de l\u2019ambassadeur Blome, par Ka\u00efs Sa\u00efed en personne, est un signe en plus, qu\u2019il ne reconnait pas la s\u00e9paration des pouvoirs l\u00e9gislatif et ex\u00e9cutif, comme le stipule la constitution tunisienne et celle des [\u2026]<\/p>\n<p>L\u2019article <a href=\"https:\/\/www.tunisienumerique.com\/tunisie-gordon-gray-saied-ne-reconnait-pas-la-separation-des-pouvoirs\/\">Tunisie \u2013 Gordon Gray\u00a0: Sa\u00efed ne reconnait pas la s\u00e9paration des pouvoirs<\/a> est apparu en premier sur <a href=\"https:\/\/www.tunisienumerique.com\/\">Tunisie<\/a>.<\/p>\n<\/div>\n<p>Auteur: LM<br \/>\n<a href=\"https:\/\/www.tunisienumerique.com\/tunisie-gordon-gray-saied-ne-reconnait-pas-la-separation-des-pouvoirs\/\">Cliquez ici pour lire l&rsquo;article depuis sa source.<\/a><\/p>\n","protected":false},"excerpt":{"rendered":"<p>L\u2019ancien ambassadeur US \u00e0 Tunis, Gordon Gray a publi\u00e9 sur sa page facebook, un post, dans lequel il dit que la convocation de l\u2019ambassadeur Blome, par Ka\u00efs Sa\u00efed en personne, est un signe en plus, qu\u2019il ne reconnait pas la s\u00e9paration des pouvoirs l\u00e9gislatif et ex\u00e9cutif, comme le stipule la constitution tunisienne et celle des [&hellip;]<\/p>\n","protected":false},"author":1789,"featured_media":0,"comment_status":"closed","ping_status":"closed","sticky":false,"template":"","format":"standard","meta":{"fifu_image_url":"","fifu_image_alt":"","footnotes":""},"categories":[73,55],"tags":[],"class_list":["post-130070","post","type-post","status-publish","format-standard","hentry","category-actualite","category-tunisie"],"_links":{"self":[{"href":"https:\/\/linitiative.ca\/International\/wp-json\/wp\/v2\/posts\/130070","targetHints":{"allow":["GET"]}}],"collection":[{"href":"https:\/\/linitiative.ca\/International\/wp-json\/wp\/v2\/posts"}],"about":[{"href":"https:\/\/linitiative.ca\/International\/wp-json\/wp\/v2\/types\/post"}],"author":[{"embeddable":true,"href":"https:\/\/linitiative.ca\/International\/wp-json\/wp\/v2\/users\/1789"}],"replies":[{"embeddable":true,"href":"https:\/\/linitiative.ca\/International\/wp-json\/wp\/v2\/comments?post=130070"}],"version-history":[{"count":0,"href":"https:\/\/linitiative.ca\/International\/wp-json\/wp\/v2\/posts\/130070\/revisions"}],"wp:attachment":[{"href":"https:\/\/linitiative.ca\/International\/wp-json\/wp\/v2\/media?parent=130070"}],"wp:term":[{"taxonomy":"category","embeddable":true,"href":"https:\/\/linitiative.ca\/International\/wp-json\/wp\/v2\/categories?post=130070"},{"taxonomy":"post_tag","embeddable":true,"href":"https:\/\/linitiative.ca\/International\/wp-json\/wp\/v2\/tags?post=130070"}],"curies":[{"name":"wp","href":"https:\/\/api.w.org\/{rel}","templated":true}]}}